{"id":4593,"date":"2025-02-07T10:39:24","date_gmt":"2025-02-07T10:39:24","guid":{"rendered":"https:\/\/www.fundacionpatasarriba.com\/?p=4593"},"modified":"2025-02-07T11:16:56","modified_gmt":"2025-02-07T11:16:56","slug":"dun-team-building-a-una-adopcio","status":"publish","type":"post","link":"https:\/\/www.fundacionpatasarriba.com\/ca\/dun-team-building-a-una-adopcio\/","title":{"rendered":"D&#8217;un team building a una adopci\u00f3"},"content":{"rendered":"\t\t<div data-elementor-type=\"wp-post\" data-elementor-id=\"4593\" class=\"elementor elementor-4593 elementor-4592\" data-elementor-post-type=\"post\">\n\t\t\t\t<div class=\"elementor-element elementor-element-14facbfe e-con-full elementor-hidden-tablet elementor-hidden-mobile e-flex e-con e-parent\" data-id=\"14facbfe\" data-element_type=\"container\" data-e-type=\"container\">\n\t\t<div class=\"elementor-element elementor-element-93cdf58 e-con-full e-flex e-con e-child\" data-id=\"93cdf58\" data-element_type=\"container\" data-e-type=\"container\">\n\t\t\t\t<div class=\"elementor-element elementor-element-7a2655c5 e-transform e-transform e-transform e-transform elementor-widget-mobile__width-initial elementor-widget elementor-widget-heading\" data-id=\"7a2655c5\" data-element_type=\"widget\" data-e-type=\"widget\" data-settings=\"{&quot;_transform_rotateZ_effect&quot;:{&quot;unit&quot;:&quot;px&quot;,&quot;size&quot;:&quot;&quot;,&quot;sizes&quot;:[]},&quot;_transform_rotateZ_effect_tablet&quot;:{&quot;unit&quot;:&quot;deg&quot;,&quot;size&quot;:&quot;&quot;,&quot;sizes&quot;:[]},&quot;_transform_rotateZ_effect_mobile&quot;:{&quot;unit&quot;:&quot;deg&quot;,&quot;size&quot;:&quot;&quot;,&quot;sizes&quot;:[]},&quot;_transform_translateX_effect&quot;:{&quot;unit&quot;:&quot;px&quot;,&quot;size&quot;:&quot;&quot;,&quot;sizes&quot;:[]},&quot;_transform_translateX_effect_tablet&quot;:{&quot;unit&quot;:&quot;px&quot;,&quot;size&quot;:&quot;&quot;,&quot;sizes&quot;:[]},&quot;_transform_translateX_effect_mobile&quot;:{&quot;unit&quot;:&quot;px&quot;,&quot;size&quot;:&quot;&quot;,&quot;sizes&quot;:[]},&quot;_transform_translateY_effect&quot;:{&quot;unit&quot;:&quot;px&quot;,&quot;size&quot;:&quot;&quot;,&quot;sizes&quot;:[]},&quot;_transform_translateY_effect_tablet&quot;:{&quot;unit&quot;:&quot;px&quot;,&quot;size&quot;:&quot;&quot;,&quot;sizes&quot;:[]},&quot;_transform_translateY_effect_mobile&quot;:{&quot;unit&quot;:&quot;px&quot;,&quot;size&quot;:&quot;&quot;,&quot;sizes&quot;:[]},&quot;_transform_scale_effect&quot;:{&quot;unit&quot;:&quot;px&quot;,&quot;size&quot;:&quot;&quot;,&quot;sizes&quot;:[]},&quot;_transform_scale_effect_tablet&quot;:{&quot;unit&quot;:&quot;px&quot;,&quot;size&quot;:&quot;&quot;,&quot;sizes&quot;:[]},&quot;_transform_scale_effect_mobile&quot;:{&quot;unit&quot;:&quot;px&quot;,&quot;size&quot;:&quot;&quot;,&quot;sizes&quot;:[]},&quot;_transform_skewX_effect&quot;:{&quot;unit&quot;:&quot;px&quot;,&quot;size&quot;:&quot;&quot;,&quot;sizes&quot;:[]},&quot;_transform_skewX_effect_tablet&quot;:{&quot;unit&quot;:&quot;deg&quot;,&quot;size&quot;:&quot;&quot;,&quot;sizes&quot;:[]},&quot;_transform_skewX_effect_mobile&quot;:{&quot;unit&quot;:&quot;deg&quot;,&quot;size&quot;:&quot;&quot;,&quot;sizes&quot;:[]},&quot;_transform_skewY_effect&quot;:{&quot;unit&quot;:&quot;px&quot;,&quot;size&quot;:&quot;&quot;,&quot;sizes&quot;:[]},&quot;_transform_skewY_effect_tablet&quot;:{&quot;unit&quot;:&quot;deg&quot;,&quot;size&quot;:&quot;&quot;,&quot;sizes&quot;:[]},&quot;_transform_skewY_effect_mobile&quot;:{&quot;unit&quot;:&quot;deg&quot;,&quot;size&quot;:&quot;&quot;,&quot;sizes&quot;:[]}}\" data-widget_type=\"heading.default\">\n\t\t\t\t<div class=\"elementor-widget-container\">\n\t\t\t\t\t<h1 class=\"elementor-heading-title elementor-size-default\">D'un team building a una adopci\u00f3<\/h1>\t\t\t\t<\/div>\n\t\t\t\t<\/div>\n\t\t\t\t<\/div>\n\t\t\t\t<\/div>\n\t\t<div class=\"elementor-element elementor-element-38043a1 e-con-full elementor-hidden-tablet elementor-hidden-mobile e-flex e-con e-parent\" data-id=\"38043a1\" data-element_type=\"container\" data-e-type=\"container\">\n\t\t\t\t<div class=\"elementor-element elementor-element-f448e73 elementor-widget elementor-widget-text-editor\" data-id=\"f448e73\" data-element_type=\"widget\" data-e-type=\"widget\" data-widget_type=\"text-editor.default\">\n\t\t\t\t<div class=\"elementor-widget-container\">\n\t\t\t\t\t\t\t\t\t<h2><strong>La hist\u00f2ria de com un\u00a0team\u00a0building\u00a0va canviar la vida de\u00a0Cup<\/strong><\/h2><p>En la Fundaci\u00f3 Patas Arriba, creiem fermament que l&#8217;educaci\u00f3 i la conscienciaci\u00f3 sobre benestar animal no tenen per qu\u00e8 limitar-se a les aules. Encara que treballem estretament amb escoles, tamb\u00e9 sabem que les oportunitats per a transmetre valors i transformar vides poden sorgir en els llocs m\u00e9s inesperats: una fira, un esdeveniment, una xerrada amb un voluntari\u2026 o fins i tot un team building corporatiu.<\/p><p>Avui volem compartir una hist\u00f2ria que il\u00b7lustra aix\u00f2 a la perfecci\u00f3: l&#8217;adopci\u00f3 de\u00a0Cup, un pelut que va trobar la seva llar gr\u00e0cies a un\u00a0team\u00a0building\u00a0organitzat amb l&#8217;empresa Rover.<\/p><h2><strong>Un\u00a0team\u00a0building\u00a0diferent<\/strong><\/h2><p>En 2023 Rover va fer el seu primer team building amb nosaltres en la protectora Animals Sense Sostre. El seu objectiu era senzill per\u00f2 significatiu: connectar al seu equip amb una causa solid\u00e0ria. El que va oc\u00f3rrer va superar totes les expectatives. Els participants no sols van enfortir lla\u00e7os com a equip, sin\u00f3 que tamb\u00e9 van desenvolupar un comprom\u00eds genu\u00ed amb el benestar animal.<\/p><p>Entre ells estava\u00a0Valentina\u00a0Pillon, una treballadora que va quedar especialment commoguda per dos gossos s\u00e8nior,\u00a0Fede\u00a0i Gast\u00f3n, els qui van ser adoptats abans que\u00a0Valentina\u00a0pogu\u00e9s fer-ho. Per\u00f2\u00a0Valentina\u00a0no es va detenir aqu\u00ed.<\/p><p>Durant el seu tercer\u00a0team\u00a0building\u00a0amb nosaltres, va con\u00e8ixer a\u00a0Cup, un gos PPP (gos potencialment perill\u00f3s) negre, de 10 anys, cec i amb Leishm\u00e0nia. Amb totes aquestes etiquetes,\u00a0Cup\u00a0era un dels molts animals &#8220;invisibles&#8221; de la protectora, aquests que semblen destinats a passar la seva vida en un refugi. Per\u00f2 per a\u00a0Valentina, aquestes etiquetes no importaven. Des del primer moment en qu\u00e8 el va veure, va saber que volia canviar el seu dest\u00ed.<\/p>\t\t\t\t\t\t\t\t<\/div>\n\t\t\t\t<\/div>\n\t\t\t\t<\/div>\n\t\t<div class=\"elementor-element elementor-element-5fa5a85 e-flex e-con-boxed e-con e-parent\" data-id=\"5fa5a85\" data-element_type=\"container\" data-e-type=\"container\">\n\t\t\t\t\t<div class=\"e-con-inner\">\n\t\t\t\t<div class=\"elementor-element elementor-element-92c371a elementor-hidden-tablet elementor-hidden-mobile elementor-widget elementor-widget-video\" data-id=\"92c371a\" data-element_type=\"widget\" data-e-type=\"widget\" data-settings=\"{&quot;youtube_url&quot;:&quot;https:\\\/\\\/youtube.com\\\/shorts\\\/7RuO_x0eODI?si=MQFDUO_tGWOdlC4A&quot;,&quot;show_image_overlay&quot;:&quot;yes&quot;,&quot;image_overlay&quot;:{&quot;url&quot;:&quot;https:\\\/\\\/www.fundacionpatasarriba.com\\\/wp-content\\\/uploads\\\/2025\\\/02\\\/teambuilding-1.png&quot;,&quot;id&quot;:4602,&quot;size&quot;:&quot;&quot;,&quot;alt&quot;:&quot;&quot;,&quot;source&quot;:&quot;library&quot;},&quot;video_type&quot;:&quot;youtube&quot;,&quot;controls&quot;:&quot;yes&quot;}\" data-widget_type=\"video.default\">\n\t\t\t\t<div class=\"elementor-widget-container\">\n\t\t\t\t\t\t\t<div class=\"elementor-wrapper elementor-open-inline\">\n\t\t\t<div class=\"elementor-video\"><\/div>\t\t\t\t<div class=\"elementor-custom-embed-image-overlay\" style=\"background-image: url(https:\/\/www.fundacionpatasarriba.com\/wp-content\/uploads\/2025\/02\/teambuilding-1.png);\">\n\t\t\t\t\t\t\t\t\t\t\t\t\t\t\t\t<div class=\"elementor-custom-embed-play\" role=\"button\" aria-label=\"Reprodueix v\u00eddeo\" tabindex=\"0\">\n\t\t\t\t\t\t\t<i aria-hidden=\"true\" class=\"eicon-play\"><\/i>\t\t\t\t\t\t<\/div>\n\t\t\t\t\t\t\t\t\t<\/div>\n\t\t\t\t\t<\/div>\n\t\t\t\t\t\t<\/div>\n\t\t\t\t<\/div>\n\t\t\t\t\t<\/div>\n\t\t\t\t<\/div>\n\t\t<div class=\"elementor-element elementor-element-238d04d e-con-full elementor-hidden-tablet elementor-hidden-mobile e-flex e-con e-parent\" data-id=\"238d04d\" data-element_type=\"container\" data-e-type=\"container\">\n\t\t\t\t<div class=\"elementor-element elementor-element-4e313a5 elementor-widget elementor-widget-text-editor\" data-id=\"4e313a5\" data-element_type=\"widget\" data-e-type=\"widget\" data-widget_type=\"text-editor.default\">\n\t\t\t\t<div class=\"elementor-widget-container\">\n\t\t\t\t\t\t\t\t\t<h2><strong>Una nova vida per a\u00a0Cup<\/strong><\/h2><p>L&#8217;adopci\u00f3 de Cup no va ser una decisi\u00f3 impulsiva. Des de la Fundaci\u00f3 gestionem una visita a l&#8217;oftalm\u00f2leg per a avaluar la seva salut ocular i assegurar-nos que estigu\u00e9s llest per a aquesta nova etapa. Afortunadament, no va necessitar cirurgia, i amb tots els preparatius llestos, va arribar el dia en qu\u00e8 Valentina i la seva parella el van portar a casa.<\/p><p>El paper de Rover va ser crucial. No sols van crear la situaci\u00f3 perqu\u00e8 Valentina i Cup es coneguessin, sin\u00f3 que tamb\u00e9 van oferir suport econ\u00f2mic per a garantir que res interfer\u00eds en l&#8217;adopci\u00f3. Aquesta acci\u00f3 demostra com les empreses poden ser agents de canvi reals quan alineen els seus valors amb les seves accions.<\/p><h2><strong>El valor de les empreses per al canvi social<\/strong><\/h2><p>Hist\u00f2ries com la de Cup evidencien que les empreses tenen un poder immens per a transformar realitats. El concepte de responsabilitat social corporativa (RSC) ha evolucionat molt en els \u00faltims anys. Ja no es tracta nom\u00e9s de donar diners a causes ben\u00e8fiques, sin\u00f3 d&#8217;integrar el comprom\u00eds social i mediambiental en la cultura empresarial.<\/p><p>El cas de Rover \u00e9s un exemple de com un enfocament aut\u00e8ntic de\u00a0RSC\u00a0pot tenir un impacte tangible. En organitzar\u00a0team\u00a0buildings\u00a0amb impacte, no sols van enfortir la cohesi\u00f3 del seu equip, sin\u00f3 que tamb\u00e9 van canviar la vida de\u00a0Valentina\u00a0i\u00a0Cup.<\/p>\t\t\t\t\t\t\t\t<\/div>\n\t\t\t\t<\/div>\n\t\t\t\t<div class=\"elementor-element elementor-element-3b1088e elementor-widget elementor-widget-image\" data-id=\"3b1088e\" data-element_type=\"widget\" data-e-type=\"widget\" data-widget_type=\"image.default\">\n\t\t\t\t<div class=\"elementor-widget-container\">\n\t\t\t\t\t\t\t\t\t\t\t\t\t\t\t<img fetchpriority=\"high\" decoding=\"async\" width=\"800\" height=\"469\" src=\"https:\/\/www.fundacionpatasarriba.com\/wp-content\/uploads\/2025\/02\/adopcion-barcelona-1-1024x600.png\" class=\"attachment-large size-large wp-image-4605\" alt=\"\" srcset=\"https:\/\/www.fundacionpatasarriba.com\/wp-content\/uploads\/2025\/02\/adopcion-barcelona-1-1024x600.png 1024w, https:\/\/www.fundacionpatasarriba.com\/wp-content\/uploads\/2025\/02\/adopcion-barcelona-1-300x176.png 300w, https:\/\/www.fundacionpatasarriba.com\/wp-content\/uploads\/2025\/02\/adopcion-barcelona-1-768x450.png 768w, https:\/\/www.fundacionpatasarriba.com\/wp-content\/uploads\/2025\/02\/adopcion-barcelona-1-1536x900.png 1536w, https:\/\/www.fundacionpatasarriba.com\/wp-content\/uploads\/2025\/02\/adopcion-barcelona-1-2048x1200.png 2048w\" sizes=\"(max-width: 800px) 100vw, 800px\" \/>\t\t\t\t\t\t\t\t\t\t\t\t\t\t\t<\/div>\n\t\t\t\t<\/div>\n\t\t\t\t<div class=\"elementor-element elementor-element-02ed077 elementor-widget elementor-widget-text-editor\" data-id=\"02ed077\" data-element_type=\"widget\" data-e-type=\"widget\" data-widget_type=\"text-editor.default\">\n\t\t\t\t<div class=\"elementor-widget-container\">\n\t\t\t\t\t\t\t\t\t<h2><strong>Cerquem a m\u00e9s empreses!<\/strong><\/h2><p>Imagina un m\u00f3n on m\u00e9s empreses segueixin aquest exemple, integrant la solidaritat i el comprom\u00eds social en les seves activitats di\u00e0ries. Les possibilitats de canvi s\u00f3n infinites. A m\u00e9s, aquestes accions no sols beneficien a les comunitats i causes secundades, sin\u00f3 tamb\u00e9 a les pr\u00f2pies empreses, que guanyen en reputaci\u00f3, motivaci\u00f3 interna i connexi\u00f3 emocional amb el seu p\u00fablic.<\/p><h2>\u00a0<\/h2><h2><strong>Est\u00e0s llest per a marcar la difer\u00e8ncia?<\/strong><\/h2><p>Si creus que la teva empresa pot contribuir al canvi, contacta&#8217;ns! Organitzar un team building amb la Fundaci\u00f3 Potes enlaire no sols ser\u00e0 una experi\u00e8ncia inoblidable per al teu equip, sin\u00f3 que tamb\u00e9 obrir\u00e0 la porta a transformar vides com la de Cup.<\/p>\t\t\t\t\t\t\t\t<\/div>\n\t\t\t\t<\/div>\n\t\t\t\t<div class=\"elementor-element elementor-element-4fa9c48 elementor-align-center elementor-hidden-tablet elementor-hidden-mobile elementor-widget elementor-widget-button\" data-id=\"4fa9c48\" data-element_type=\"widget\" data-e-type=\"widget\" data-widget_type=\"button.default\">\n\t\t\t\t<div class=\"elementor-widget-container\">\n\t\t\t\t\t\t\t\t\t<div class=\"elementor-button-wrapper\">\n\t\t\t\t\t<a class=\"elementor-button elementor-button-link elementor-size-lg\" href=\"https:\/\/www.fundacionpatasarriba.com\/ca\/empreses\/\">\n\t\t\t\t\t\t<span class=\"elementor-button-content-wrapper\">\n\t\t\t\t\t\t\t\t\t<span class=\"elementor-button-text\">Fes un team building amb nosaltres!<\/span>\n\t\t\t\t\t<\/span>\n\t\t\t\t\t<\/a>\n\t\t\t\t<\/div>\n\t\t\t\t\t\t\t\t<\/div>\n\t\t\t\t<\/div>\n\t\t\t\t<\/div>\n\t\t<div class=\"elementor-element elementor-element-807ef35 e-con-full elementor-hidden-desktop e-flex e-con e-parent\" data-id=\"807ef35\" data-element_type=\"container\" data-e-type=\"container\">\n\t\t\t\t<div class=\"elementor-element elementor-element-351fa5d elementor-widget elementor-widget-heading\" data-id=\"351fa5d\" data-element_type=\"widget\" data-e-type=\"widget\" data-widget_type=\"heading.default\">\n\t\t\t\t<div class=\"elementor-widget-container\">\n\t\t\t\t\t<h1 class=\"elementor-heading-title elementor-size-default\">D'un Team building a una adopci\u00f3<\/h1>\t\t\t\t<\/div>\n\t\t\t\t<\/div>\n\t\t\t\t<\/div>\n\t\t<div class=\"elementor-element elementor-element-98422cf elementor-hidden-desktop e-flex e-con-boxed e-con e-parent\" data-id=\"98422cf\" data-element_type=\"container\" data-e-type=\"container\">\n\t\t\t\t\t<div class=\"e-con-inner\">\n\t\t\t\t<div class=\"elementor-element elementor-element-9c3757a elementor-hidden-desktop elementor-widget elementor-widget-text-editor\" data-id=\"9c3757a\" data-element_type=\"widget\" data-e-type=\"widget\" data-widget_type=\"text-editor.default\">\n\t\t\t\t<div class=\"elementor-widget-container\">\n\t\t\t\t\t\t\t\t\t<h2><strong>La hist\u00f2ria de com un\u00a0team\u00a0building\u00a0va canviar la vida de\u00a0Cup<\/strong><\/h2><p>En la Fundaci\u00f3 Patas Arriba, creiem fermament que l&#8217;educaci\u00f3 i la conscienciaci\u00f3 sobre benestar animal no tenen per qu\u00e8 limitar-se a les aules. Encara que treballem estretament amb escoles, tamb\u00e9 sabem que les oportunitats per a transmetre valors i transformar vides poden sorgir en els llocs m\u00e9s inesperats: una fira, un esdeveniment, una xerrada amb un voluntari\u2026 o fins i tot un team building corporatiu.<\/p><p>Avui volem compartir una hist\u00f2ria que il\u00b7lustra aix\u00f2 a la perfecci\u00f3: l&#8217;adopci\u00f3 de\u00a0Cup, un pelut que va trobar la seva llar gr\u00e0cies a un\u00a0team\u00a0building\u00a0organitzat amb l&#8217;empresa Rover.<\/p><p>\u00a0<\/p><h2><strong>Un\u00a0team\u00a0building\u00a0diferent<\/strong><\/h2><p>En 2023 Rover va fer el seu primer team building amb nosaltres en la protectora Animals Sense Sostre. El seu objectiu era senzill per\u00f2 significatiu: connectar al seu equip amb una causa solid\u00e0ria. El que va oc\u00f3rrer va superar totes les expectatives. Els participants no sols van enfortir lla\u00e7os com a equip, sin\u00f3 que tamb\u00e9 van desenvolupar un comprom\u00eds genu\u00ed amb el benestar animal.<\/p><p>Entre ells estava\u00a0Valentina\u00a0Pillon, una treballadora que va quedar especialment commoguda per dos gossos s\u00e8nior,\u00a0Fede\u00a0i Gast\u00f3n, els qui van ser adoptats abans que\u00a0Valentina\u00a0pogu\u00e9s fer-ho. Per\u00f2\u00a0Valentina\u00a0no es va detenir aqu\u00ed.<\/p><p>Durant el seu tercer\u00a0team\u00a0building\u00a0amb nosaltres, va con\u00e8ixer a\u00a0Cup, un gos PPP (gos potencialment perill\u00f3s) negre, de 10 anys, cec i amb Leishm\u00e0nia. Amb totes aquestes etiquetes,\u00a0Cup\u00a0era un dels molts animals &#8220;invisibles&#8221; de la protectora, aquests que semblen destinats a passar la seva vida en un refugi. Per\u00f2 per a\u00a0Valentina, aquestes etiquetes no importaven. Des del primer moment en qu\u00e8 el va veure, va saber que volia canviar el seu dest\u00ed.<\/p>\t\t\t\t\t\t\t\t<\/div>\n\t\t\t\t<\/div>\n\t\t\t\t\t<\/div>\n\t\t\t\t<\/div>\n\t\t<div class=\"elementor-element elementor-element-9c54d62 elementor-hidden-desktop e-flex e-con-boxed e-con e-parent\" data-id=\"9c54d62\" data-element_type=\"container\" data-e-type=\"container\">\n\t\t\t\t\t<div class=\"e-con-inner\">\n\t\t\t\t<div class=\"elementor-element elementor-element-01d143f elementor-widget elementor-widget-video\" data-id=\"01d143f\" data-element_type=\"widget\" data-e-type=\"widget\" data-settings=\"{&quot;youtube_url&quot;:&quot;https:\\\/\\\/youtube.com\\\/shorts\\\/7RuO_x0eODI?si=qc1gY1mqSRHrrkB5&quot;,&quot;show_image_overlay&quot;:&quot;yes&quot;,&quot;image_overlay&quot;:{&quot;url&quot;:&quot;https:\\\/\\\/www.fundacionpatasarriba.com\\\/wp-content\\\/uploads\\\/2025\\\/02\\\/teambuilding-1.png&quot;,&quot;id&quot;:4602,&quot;size&quot;:&quot;&quot;,&quot;alt&quot;:&quot;&quot;,&quot;source&quot;:&quot;library&quot;},&quot;video_type&quot;:&quot;youtube&quot;,&quot;controls&quot;:&quot;yes&quot;}\" data-widget_type=\"video.default\">\n\t\t\t\t<div class=\"elementor-widget-container\">\n\t\t\t\t\t\t\t<div class=\"elementor-wrapper elementor-open-inline\">\n\t\t\t<div class=\"elementor-video\"><\/div>\t\t\t\t<div class=\"elementor-custom-embed-image-overlay\" style=\"background-image: url(https:\/\/www.fundacionpatasarriba.com\/wp-content\/uploads\/2025\/02\/teambuilding-1.png);\">\n\t\t\t\t\t\t\t\t\t\t\t\t\t\t\t\t<div class=\"elementor-custom-embed-play\" role=\"button\" aria-label=\"Reprodueix v\u00eddeo\" tabindex=\"0\">\n\t\t\t\t\t\t\t<i aria-hidden=\"true\" class=\"eicon-play\"><\/i>\t\t\t\t\t\t<\/div>\n\t\t\t\t\t\t\t\t\t<\/div>\n\t\t\t\t\t<\/div>\n\t\t\t\t\t\t<\/div>\n\t\t\t\t<\/div>\n\t\t\t\t\t<\/div>\n\t\t\t\t<\/div>\n\t\t<div class=\"elementor-element elementor-element-b314875 elementor-hidden-desktop e-flex e-con-boxed e-con e-parent\" data-id=\"b314875\" data-element_type=\"container\" data-e-type=\"container\">\n\t\t\t\t\t<div class=\"e-con-inner\">\n\t\t\t\t<div class=\"elementor-element elementor-element-3d85502 elementor-hidden-desktop elementor-widget elementor-widget-text-editor\" data-id=\"3d85502\" data-element_type=\"widget\" data-e-type=\"widget\" data-widget_type=\"text-editor.default\">\n\t\t\t\t<div class=\"elementor-widget-container\">\n\t\t\t\t\t\t\t\t\t<h2><strong>Una nova vida per a\u00a0Cup<\/strong><\/h2><p>L&#8217;adopci\u00f3 de Cup no va ser una decisi\u00f3 impulsiva. Des de la Fundaci\u00f3 gestionem una visita a l&#8217;oftalm\u00f2leg per a avaluar la seva salut ocular i assegurar-nos que estigu\u00e9s llest per a aquesta nova etapa. Afortunadament, no va necessitar cirurgia, i amb tots els preparatius llestos, va arribar el dia en qu\u00e8 Valentina i la seva parella el van portar a casa.<\/p><p>El paper de Rover va ser crucial. No sols van crear la situaci\u00f3 perqu\u00e8 Valentina i Cup es coneguessin, sin\u00f3 que tamb\u00e9 van oferir suport econ\u00f2mic per a garantir que res interfer\u00eds en l&#8217;adopci\u00f3. Aquesta acci\u00f3 demostra com les empreses poden ser agents de canvi reals quan alineen els seus valors amb les seves accions.<\/p><p>\u00a0<\/p><h2><strong>El valor de les empreses per al canvi social<\/strong><\/h2><p>Hist\u00f2ries com la de Cup evidencien que les empreses tenen un poder immens per a transformar realitats. El concepte de responsabilitat social corporativa (RSC) ha evolucionat molt en els \u00faltims anys. Ja no es tracta nom\u00e9s de donar diners a causes ben\u00e8fiques, sin\u00f3 d&#8217;integrar el comprom\u00eds social i mediambiental en la cultura empresarial.<\/p><p>El cas de Rover \u00e9s un exemple de com un enfocament aut\u00e8ntic de\u00a0RSC\u00a0pot tenir un impacte tangible. En organitzar\u00a0team\u00a0buildings\u00a0amb impacte, no sols van enfortir la cohesi\u00f3 del seu equip, sin\u00f3 que tamb\u00e9 van canviar la vida de\u00a0Valentina\u00a0i\u00a0Cup.<\/p>\t\t\t\t\t\t\t\t<\/div>\n\t\t\t\t<\/div>\n\t\t\t\t\t<\/div>\n\t\t\t\t<\/div>\n\t\t<div class=\"elementor-element elementor-element-1a434f7 e-flex e-con-boxed e-con e-parent\" data-id=\"1a434f7\" data-element_type=\"container\" data-e-type=\"container\">\n\t\t\t\t\t<div class=\"e-con-inner\">\n\t\t\t\t<div class=\"elementor-element elementor-element-2c7ee17 elementor-hidden-desktop elementor-widget elementor-widget-image\" data-id=\"2c7ee17\" data-element_type=\"widget\" data-e-type=\"widget\" data-widget_type=\"image.default\">\n\t\t\t\t<div class=\"elementor-widget-container\">\n\t\t\t\t\t\t\t\t\t\t\t\t\t\t\t<img fetchpriority=\"high\" decoding=\"async\" width=\"800\" height=\"469\" src=\"https:\/\/www.fundacionpatasarriba.com\/wp-content\/uploads\/2025\/02\/adopcion-barcelona-1-1024x600.png\" class=\"attachment-large size-large wp-image-4605\" alt=\"\" srcset=\"https:\/\/www.fundacionpatasarriba.com\/wp-content\/uploads\/2025\/02\/adopcion-barcelona-1-1024x600.png 1024w, https:\/\/www.fundacionpatasarriba.com\/wp-content\/uploads\/2025\/02\/adopcion-barcelona-1-300x176.png 300w, https:\/\/www.fundacionpatasarriba.com\/wp-content\/uploads\/2025\/02\/adopcion-barcelona-1-768x450.png 768w, https:\/\/www.fundacionpatasarriba.com\/wp-content\/uploads\/2025\/02\/adopcion-barcelona-1-1536x900.png 1536w, https:\/\/www.fundacionpatasarriba.com\/wp-content\/uploads\/2025\/02\/adopcion-barcelona-1-2048x1200.png 2048w\" sizes=\"(max-width: 800px) 100vw, 800px\" \/>\t\t\t\t\t\t\t\t\t\t\t\t\t\t\t<\/div>\n\t\t\t\t<\/div>\n\t\t\t\t\t<\/div>\n\t\t\t\t<\/div>\n\t\t<div class=\"elementor-element elementor-element-c90034e e-flex e-con-boxed e-con e-parent\" data-id=\"c90034e\" data-element_type=\"container\" data-e-type=\"container\">\n\t\t\t\t\t<div class=\"e-con-inner\">\n\t\t\t\t<div class=\"elementor-element elementor-element-f2383e3 elementor-hidden-desktop elementor-widget elementor-widget-text-editor\" data-id=\"f2383e3\" data-element_type=\"widget\" data-e-type=\"widget\" data-widget_type=\"text-editor.default\">\n\t\t\t\t<div class=\"elementor-widget-container\">\n\t\t\t\t\t\t\t\t\t<h2><strong>Cerquem a m\u00e9s empreses!<\/strong><\/h2><p>Imagina un m\u00f3n on m\u00e9s empreses segueixin aquest exemple, integrant la solidaritat i el comprom\u00eds social en les seves activitats di\u00e0ries. Les possibilitats de canvi s\u00f3n infinites. A m\u00e9s, aquestes accions no sols beneficien a les comunitats i causes secundades, sin\u00f3 tamb\u00e9 a les pr\u00f2pies empreses, que guanyen en reputaci\u00f3, motivaci\u00f3 interna i connexi\u00f3 emocional amb el seu p\u00fablic.<\/p><p>\u00a0<\/p><h2><strong>Est\u00e0s llest per a marcar la difer\u00e8ncia?<\/strong><\/h2><p>Si creus que la teva empresa pot contribuir al canvi, contacta&#8217;ns! Organitzar un team building amb la Fundaci\u00f3 Potes enlaire no sols ser\u00e0 una experi\u00e8ncia inoblidable per al teu equip, sin\u00f3 que tamb\u00e9 obrir\u00e0 la porta a transformar vides com la de Cup.<\/p>\t\t\t\t\t\t\t\t<\/div>\n\t\t\t\t<\/div>\n\t\t\t\t<div class=\"elementor-element elementor-element-a23d42a elementor-align-center elementor-hidden-desktop elementor-widget elementor-widget-button\" data-id=\"a23d42a\" data-element_type=\"widget\" data-e-type=\"widget\" data-widget_type=\"button.default\">\n\t\t\t\t<div class=\"elementor-widget-container\">\n\t\t\t\t\t\t\t\t\t<div class=\"elementor-button-wrapper\">\n\t\t\t\t\t<a class=\"elementor-button elementor-button-link elementor-size-lg\" href=\"https:\/\/www.fundacionpatasarriba.com\/ca\/empreses\/\">\n\t\t\t\t\t\t<span class=\"elementor-button-content-wrapper\">\n\t\t\t\t\t\t\t\t\t<span class=\"elementor-button-text\">Fes un team building amb nosaltres!<\/span>\n\t\t\t\t\t<\/span>\n\t\t\t\t\t<\/a>\n\t\t\t\t<\/div>\n\t\t\t\t\t\t\t\t<\/div>\n\t\t\t\t<\/div>\n\t\t\t\t\t<\/div>\n\t\t\t\t<\/div>\n\t\t<div class=\"elementor-element elementor-element-c24a413 e-flex e-con-boxed e-con e-parent\" data-id=\"c24a413\" data-element_type=\"container\" data-e-type=\"container\" data-settings=\"{&quot;background_background&quot;:&quot;classic&quot;}\">\n\t\t\t\t\t<div class=\"e-con-inner\">\n\t\t\t\t<div class=\"elementor-element elementor-element-a83d0d1 elementor-widget elementor-widget-text-editor\" data-id=\"a83d0d1\" data-element_type=\"widget\" data-e-type=\"widget\" data-widget_type=\"text-editor.default\">\n\t\t\t\t<div class=\"elementor-widget-container\">\n\t\t\t\t\t\t\t\t\t<h2 style=\"text-align: center;\"><strong>\u00a1Comparte el post en tus redes!<\/strong><\/h2>\n\t\t\t\t\t\t\t\t<\/div>\n\t\t\t\t<\/div>\n\t\t\t\t<div class=\"elementor-element elementor-element-340690a elementor-share-buttons--view-icon elementor-share-buttons--skin-framed elementor-share-buttons--shape-circle elementor-grid-0 elementor-share-buttons--color-official elementor-widget elementor-widget-share-buttons\" data-id=\"340690a\" data-element_type=\"widget\" data-e-type=\"widget\" data-widget_type=\"share-buttons.default\">\n\t\t\t\t<div class=\"elementor-widget-container\">\n\t\t\t\t\t\t\t<div class=\"elementor-grid\" role=\"list\">\n\t\t\t\t\t\t\t\t<div class=\"elementor-grid-item\" role=\"listitem\">\n\t\t\t\t\t\t<div class=\"elementor-share-btn elementor-share-btn_facebook\" role=\"button\" tabindex=\"0\" aria-label=\"Compartici\u00f3 en facebook\">\n\t\t\t\t\t\t\t\t\t\t\t\t\t\t\t<span class=\"elementor-share-btn__icon\">\n\t\t\t\t\t\t\t\t<i class=\"fab fa-facebook\" aria-hidden=\"true\"><\/i>\t\t\t\t\t\t\t<\/span>\n\t\t\t\t\t\t\t\t\t\t\t\t\t\t\t\t\t\t\t\t<\/div>\n\t\t\t\t\t<\/div>\n\t\t\t\t\t\t\t\t\t<div class=\"elementor-grid-item\" role=\"listitem\">\n\t\t\t\t\t\t<div class=\"elementor-share-btn elementor-share-btn_twitter\" role=\"button\" tabindex=\"0\" aria-label=\"Compartici\u00f3 en twitter\">\n\t\t\t\t\t\t\t\t\t\t\t\t\t\t\t<span class=\"elementor-share-btn__icon\">\n\t\t\t\t\t\t\t\t<i class=\"fab fa-twitter\" aria-hidden=\"true\"><\/i>\t\t\t\t\t\t\t<\/span>\n\t\t\t\t\t\t\t\t\t\t\t\t\t\t\t\t\t\t\t\t<\/div>\n\t\t\t\t\t<\/div>\n\t\t\t\t\t\t\t\t\t<div class=\"elementor-grid-item\" role=\"listitem\">\n\t\t\t\t\t\t<div class=\"elementor-share-btn elementor-share-btn_linkedin\" role=\"button\" tabindex=\"0\" aria-label=\"Compartici\u00f3 en linkedin\">\n\t\t\t\t\t\t\t\t\t\t\t\t\t\t\t<span class=\"elementor-share-btn__icon\">\n\t\t\t\t\t\t\t\t<i class=\"fab fa-linkedin\" aria-hidden=\"true\"><\/i>\t\t\t\t\t\t\t<\/span>\n\t\t\t\t\t\t\t\t\t\t\t\t\t\t\t\t\t\t\t\t<\/div>\n\t\t\t\t\t<\/div>\n\t\t\t\t\t\t\t\t\t<div class=\"elementor-grid-item\" role=\"listitem\">\n\t\t\t\t\t\t<div class=\"elementor-share-btn elementor-share-btn_whatsapp\" role=\"button\" tabindex=\"0\" aria-label=\"Compartici\u00f3 en whatsapp\">\n\t\t\t\t\t\t\t\t\t\t\t\t\t\t\t<span class=\"elementor-share-btn__icon\">\n\t\t\t\t\t\t\t\t<i class=\"fab fa-whatsapp\" aria-hidden=\"true\"><\/i>\t\t\t\t\t\t\t<\/span>\n\t\t\t\t\t\t\t\t\t\t\t\t\t\t\t\t\t\t\t\t<\/div>\n\t\t\t\t\t<\/div>\n\t\t\t\t\t\t<\/div>\n\t\t\t\t\t\t<\/div>\n\t\t\t\t<\/div>\n\t\t\t\t\t<\/div>\n\t\t\t\t<\/div>\n\t\t<div class=\"elementor-element elementor-element-4e221ae e-flex e-con-boxed e-con e-parent\" data-id=\"4e221ae\" data-element_type=\"container\" data-e-type=\"container\" data-settings=\"{&quot;background_background&quot;:&quot;classic&quot;}\">\n\t\t\t\t\t<div class=\"e-con-inner\">\n\t\t\t\t\t<\/div>\n\t\t\t\t<\/div>\n\t\t<div class=\"elementor-element elementor-element-5dddb18 e-con-full e-flex e-con e-parent\" data-id=\"5dddb18\" data-element_type=\"container\" data-e-type=\"container\">\n\t\t\t\t<div class=\"elementor-element elementor-element-d2bdf47 elementor-widget-divider--view-line elementor-widget elementor-widget-divider\" data-id=\"d2bdf47\" data-element_type=\"widget\" data-e-type=\"widget\" data-widget_type=\"divider.default\">\n\t\t\t\t<div class=\"elementor-widget-container\">\n\t\t\t\t\t\t\t<div class=\"elementor-divider\">\n\t\t\t<span class=\"elementor-divider-separator\">\n\t\t\t\t\t\t<\/span>\n\t\t<\/div>\n\t\t\t\t\t\t<\/div>\n\t\t\t\t<\/div>\n\t\t<div class=\"elementor-element elementor-element-587cbba e-con-full e-flex e-con e-child\" data-id=\"587cbba\" data-element_type=\"container\" data-e-type=\"container\">\n\t\t\t\t<div class=\"elementor-element elementor-element-a6cc8e5 e-transform e-transform e-transform e-transform elementor-widget elementor-widget-heading\" data-id=\"a6cc8e5\" data-element_type=\"widget\" data-e-type=\"widget\" data-settings=\"{&quot;_transform_rotateZ_effect&quot;:{&quot;unit&quot;:&quot;px&quot;,&quot;size&quot;:&quot;&quot;,&quot;sizes&quot;:[]},&quot;_transform_rotateZ_effect_tablet&quot;:{&quot;unit&quot;:&quot;deg&quot;,&quot;size&quot;:&quot;&quot;,&quot;sizes&quot;:[]},&quot;_transform_rotateZ_effect_mobile&quot;:{&quot;unit&quot;:&quot;deg&quot;,&quot;size&quot;:&quot;&quot;,&quot;sizes&quot;:[]},&quot;_transform_translateX_effect&quot;:{&quot;unit&quot;:&quot;px&quot;,&quot;size&quot;:&quot;&quot;,&quot;sizes&quot;:[]},&quot;_transform_translateX_effect_tablet&quot;:{&quot;unit&quot;:&quot;px&quot;,&quot;size&quot;:&quot;&quot;,&quot;sizes&quot;:[]},&quot;_transform_translateX_effect_mobile&quot;:{&quot;unit&quot;:&quot;px&quot;,&quot;size&quot;:&quot;&quot;,&quot;sizes&quot;:[]},&quot;_transform_translateY_effect&quot;:{&quot;unit&quot;:&quot;px&quot;,&quot;size&quot;:&quot;&quot;,&quot;sizes&quot;:[]},&quot;_transform_translateY_effect_tablet&quot;:{&quot;unit&quot;:&quot;px&quot;,&quot;size&quot;:&quot;&quot;,&quot;sizes&quot;:[]},&quot;_transform_translateY_effect_mobile&quot;:{&quot;unit&quot;:&quot;px&quot;,&quot;size&quot;:&quot;&quot;,&quot;sizes&quot;:[]},&quot;_transform_scale_effect&quot;:{&quot;unit&quot;:&quot;px&quot;,&quot;size&quot;:&quot;&quot;,&quot;sizes&quot;:[]},&quot;_transform_scale_effect_tablet&quot;:{&quot;unit&quot;:&quot;px&quot;,&quot;size&quot;:&quot;&quot;,&quot;sizes&quot;:[]},&quot;_transform_scale_effect_mobile&quot;:{&quot;unit&quot;:&quot;px&quot;,&quot;size&quot;:&quot;&quot;,&quot;sizes&quot;:[]},&quot;_transform_skewX_effect&quot;:{&quot;unit&quot;:&quot;px&quot;,&quot;size&quot;:&quot;&quot;,&quot;sizes&quot;:[]},&quot;_transform_skewX_effect_tablet&quot;:{&quot;unit&quot;:&quot;deg&quot;,&quot;size&quot;:&quot;&quot;,&quot;sizes&quot;:[]},&quot;_transform_skewX_effect_mobile&quot;:{&quot;unit&quot;:&quot;deg&quot;,&quot;size&quot;:&quot;&quot;,&quot;sizes&quot;:[]},&quot;_transform_skewY_effect&quot;:{&quot;unit&quot;:&quot;px&quot;,&quot;size&quot;:&quot;&quot;,&quot;sizes&quot;:[]},&quot;_transform_skewY_effect_tablet&quot;:{&quot;unit&quot;:&quot;deg&quot;,&quot;size&quot;:&quot;&quot;,&quot;sizes&quot;:[]},&quot;_transform_skewY_effect_mobile&quot;:{&quot;unit&quot;:&quot;deg&quot;,&quot;size&quot;:&quot;&quot;,&quot;sizes&quot;:[]}}\" data-widget_type=\"heading.default\">\n\t\t\t\t<div class=\"elementor-widget-container\">\n\t\t\t\t\t<h1 class=\"elementor-heading-title elementor-size-xxl\">T'ESPEREM<br>PER AQU\u00cd<\/h1>\t\t\t\t<\/div>\n\t\t\t\t<\/div>\n\t\t\t\t<div class=\"elementor-element elementor-element-3c70878 elementor-widget-divider--view-line elementor-widget elementor-widget-divider\" data-id=\"3c70878\" data-element_type=\"widget\" data-e-type=\"widget\" data-widget_type=\"divider.default\">\n\t\t\t\t<div class=\"elementor-widget-container\">\n\t\t\t\t\t\t\t<div class=\"elementor-divider\">\n\t\t\t<span class=\"elementor-divider-separator\">\n\t\t\t\t\t\t<\/span>\n\t\t<\/div>\n\t\t\t\t\t\t<\/div>\n\t\t\t\t<\/div>\n\t\t\t\t<\/div>\n\t\t\t\t<\/div>\n\t\t\t\t<\/div>\n\t\t","protected":false},"excerpt":{"rendered":"<p>La hist\u00f2ria de com un team building va canviar la vida de Cup, un gos que portava massa anys en una protectora.<\/p>\n","protected":false},"author":4,"featured_media":4596,"comment_status":"open","ping_status":"open","sticky":false,"template":"elementor_header_footer","format":"standard","meta":{"footnotes":""},"categories":[23],"tags":[],"class_list":["post-4593","post","type-post","status-publish","format-standard","has-post-thumbnail","hentry","category-sense-categoritzar"],"yoast_head":"<!-- This site is optimized with the Yoast SEO plugin v27.4 - https:\/\/yoast.com\/product\/yoast-seo-wordpress\/ -->\n<title>Fundaci\u00f3n Patas Arriba D&#039;un team building a una adopci\u00f3 Sense categoritzar -<\/title>\n<meta name=\"description\" content=\"La hist\u00f2ria de com un team building va canviar la vida de Cup, un gos que portava massa anys en una protectora.\" \/>\n<meta name=\"robots\" content=\"index, follow, max-snippet:-1, max-image-preview:large, max-video-preview:-1\" \/>\n<link rel=\"canonical\" href=\"https:\/\/www.fundacionpatasarriba.com\/ca\/dun-team-building-a-una-adopcio\/\" \/>\n<meta property=\"og:locale\" content=\"ca_ES\" \/>\n<meta property=\"og:type\" content=\"article\" \/>\n<meta property=\"og:title\" content=\"Fundaci\u00f3n Patas Arriba D&#039;un team building a una adopci\u00f3 Sense categoritzar -\" \/>\n<meta property=\"og:description\" content=\"La hist\u00f2ria de com un team building va canviar la vida de Cup, un gos que portava massa anys en una protectora.\" \/>\n<meta property=\"og:url\" content=\"https:\/\/www.fundacionpatasarriba.com\/ca\/dun-team-building-a-una-adopcio\/\" \/>\n<meta property=\"og:site_name\" content=\"Fundaci\u00f3n Patas Arriba\" \/>\n<meta property=\"article:published_time\" content=\"2025-02-07T10:39:24+00:00\" \/>\n<meta property=\"article:modified_time\" content=\"2025-02-07T11:16:56+00:00\" \/>\n<meta property=\"og:image\" content=\"https:\/\/www.fundacionpatasarriba.com\/wp-content\/uploads\/2025\/02\/teambuilding-1024x600.png\" \/>\n\t<meta property=\"og:image:width\" content=\"1024\" \/>\n\t<meta property=\"og:image:height\" content=\"600\" \/>\n\t<meta property=\"og:image:type\" content=\"image\/png\" \/>\n<meta name=\"author\" content=\"Alba Fundaci\u00f3n Patas Arriba\" \/>\n<meta name=\"twitter:card\" content=\"summary_large_image\" \/>\n<meta name=\"twitter:label1\" content=\"Escrit per\" \/>\n\t<meta name=\"twitter:data1\" content=\"Alba Fundaci\u00f3n Patas Arriba\" \/>\n\t<meta name=\"twitter:label2\" content=\"Temps estimat de lectura\" \/>\n\t<meta name=\"twitter:data2\" content=\"7 minuts\" \/>\n<script type=\"application\/ld+json\" class=\"yoast-schema-graph\">{\"@context\":\"https:\\\/\\\/schema.org\",\"@graph\":[{\"@type\":\"Article\",\"@id\":\"https:\\\/\\\/www.fundacionpatasarriba.com\\\/ca\\\/dun-team-building-a-una-adopcio\\\/#article\",\"isPartOf\":{\"@id\":\"https:\\\/\\\/www.fundacionpatasarriba.com\\\/ca\\\/dun-team-building-a-una-adopcio\\\/\"},\"author\":{\"name\":\"Alba Fundaci\u00f3n Patas Arriba\",\"@id\":\"https:\\\/\\\/www.fundacionpatasarriba.com\\\/ca\\\/#\\\/schema\\\/person\\\/a1d8029b60ead7ad1cd6199f1c806ef0\"},\"headline\":\"D&#8217;un team building a una adopci\u00f3\",\"datePublished\":\"2025-02-07T10:39:24+00:00\",\"dateModified\":\"2025-02-07T11:16:56+00:00\",\"mainEntityOfPage\":{\"@id\":\"https:\\\/\\\/www.fundacionpatasarriba.com\\\/ca\\\/dun-team-building-a-una-adopcio\\\/\"},\"wordCount\":1414,\"commentCount\":0,\"publisher\":{\"@id\":\"https:\\\/\\\/www.fundacionpatasarriba.com\\\/ca\\\/#organization\"},\"image\":{\"@id\":\"https:\\\/\\\/www.fundacionpatasarriba.com\\\/ca\\\/dun-team-building-a-una-adopcio\\\/#primaryimage\"},\"thumbnailUrl\":\"https:\\\/\\\/www.fundacionpatasarriba.com\\\/wp-content\\\/uploads\\\/2025\\\/02\\\/teambuilding.png\",\"articleSection\":[\"Sense categoritzar\"],\"inLanguage\":\"ca\",\"potentialAction\":[{\"@type\":\"CommentAction\",\"name\":\"Comment\",\"target\":[\"https:\\\/\\\/www.fundacionpatasarriba.com\\\/ca\\\/dun-team-building-a-una-adopcio\\\/#respond\"]}]},{\"@type\":\"WebPage\",\"@id\":\"https:\\\/\\\/www.fundacionpatasarriba.com\\\/ca\\\/dun-team-building-a-una-adopcio\\\/\",\"url\":\"https:\\\/\\\/www.fundacionpatasarriba.com\\\/ca\\\/dun-team-building-a-una-adopcio\\\/\",\"name\":\"Fundaci\u00f3n Patas Arriba D'un team building a una adopci\u00f3 Sense categoritzar -\",\"isPartOf\":{\"@id\":\"https:\\\/\\\/www.fundacionpatasarriba.com\\\/ca\\\/#website\"},\"primaryImageOfPage\":{\"@id\":\"https:\\\/\\\/www.fundacionpatasarriba.com\\\/ca\\\/dun-team-building-a-una-adopcio\\\/#primaryimage\"},\"image\":{\"@id\":\"https:\\\/\\\/www.fundacionpatasarriba.com\\\/ca\\\/dun-team-building-a-una-adopcio\\\/#primaryimage\"},\"thumbnailUrl\":\"https:\\\/\\\/www.fundacionpatasarriba.com\\\/wp-content\\\/uploads\\\/2025\\\/02\\\/teambuilding.png\",\"datePublished\":\"2025-02-07T10:39:24+00:00\",\"dateModified\":\"2025-02-07T11:16:56+00:00\",\"description\":\"La hist\u00f2ria de com un team building va canviar la vida de Cup, un gos que portava massa anys en una protectora.\",\"breadcrumb\":{\"@id\":\"https:\\\/\\\/www.fundacionpatasarriba.com\\\/ca\\\/dun-team-building-a-una-adopcio\\\/#breadcrumb\"},\"inLanguage\":\"ca\",\"potentialAction\":[{\"@type\":\"ReadAction\",\"target\":[\"https:\\\/\\\/www.fundacionpatasarriba.com\\\/ca\\\/dun-team-building-a-una-adopcio\\\/\"]}]},{\"@type\":\"ImageObject\",\"inLanguage\":\"ca\",\"@id\":\"https:\\\/\\\/www.fundacionpatasarriba.com\\\/ca\\\/dun-team-building-a-una-adopcio\\\/#primaryimage\",\"url\":\"https:\\\/\\\/www.fundacionpatasarriba.com\\\/wp-content\\\/uploads\\\/2025\\\/02\\\/teambuilding.png\",\"contentUrl\":\"https:\\\/\\\/www.fundacionpatasarriba.com\\\/wp-content\\\/uploads\\\/2025\\\/02\\\/teambuilding.png\",\"width\":2560,\"height\":1500},{\"@type\":\"BreadcrumbList\",\"@id\":\"https:\\\/\\\/www.fundacionpatasarriba.com\\\/ca\\\/dun-team-building-a-una-adopcio\\\/#breadcrumb\",\"itemListElement\":[{\"@type\":\"ListItem\",\"position\":1,\"name\":\"Home\",\"item\":\"https:\\\/\\\/www.fundacionpatasarriba.com\\\/ca\\\/\"},{\"@type\":\"ListItem\",\"position\":2,\"name\":\"D&#8217;un team building a una adopci\u00f3\"}]},{\"@type\":\"WebSite\",\"@id\":\"https:\\\/\\\/www.fundacionpatasarriba.com\\\/ca\\\/#website\",\"url\":\"https:\\\/\\\/www.fundacionpatasarriba.com\\\/ca\\\/\",\"name\":\"Fundaci\u00f3n Patas Arriba\",\"description\":\"Por un v\u00ednculo sano entre personas y animales de compa\u00f1\u00eda\",\"publisher\":{\"@id\":\"https:\\\/\\\/www.fundacionpatasarriba.com\\\/ca\\\/#organization\"},\"potentialAction\":[{\"@type\":\"SearchAction\",\"target\":{\"@type\":\"EntryPoint\",\"urlTemplate\":\"https:\\\/\\\/www.fundacionpatasarriba.com\\\/ca\\\/?s={search_term_string}\"},\"query-input\":{\"@type\":\"PropertyValueSpecification\",\"valueRequired\":true,\"valueName\":\"search_term_string\"}}],\"inLanguage\":\"ca\"},{\"@type\":\"Organization\",\"@id\":\"https:\\\/\\\/www.fundacionpatasarriba.com\\\/ca\\\/#organization\",\"name\":\"Fundaci\u00f3n Patas Arriba\",\"url\":\"https:\\\/\\\/www.fundacionpatasarriba.com\\\/ca\\\/\",\"logo\":{\"@type\":\"ImageObject\",\"inLanguage\":\"ca\",\"@id\":\"https:\\\/\\\/www.fundacionpatasarriba.com\\\/ca\\\/#\\\/schema\\\/logo\\\/image\\\/\",\"url\":\"https:\\\/\\\/www.fundacionpatasarriba.com\\\/wp-content\\\/uploads\\\/2023\\\/10\\\/LOGO-HEADER.svg\",\"contentUrl\":\"https:\\\/\\\/www.fundacionpatasarriba.com\\\/wp-content\\\/uploads\\\/2023\\\/10\\\/LOGO-HEADER.svg\",\"width\":229,\"height\":50,\"caption\":\"Fundaci\u00f3n Patas Arriba\"},\"image\":{\"@id\":\"https:\\\/\\\/www.fundacionpatasarriba.com\\\/ca\\\/#\\\/schema\\\/logo\\\/image\\\/\"}},{\"@type\":\"Person\",\"@id\":\"https:\\\/\\\/www.fundacionpatasarriba.com\\\/ca\\\/#\\\/schema\\\/person\\\/a1d8029b60ead7ad1cd6199f1c806ef0\",\"name\":\"Alba Fundaci\u00f3n Patas Arriba\",\"image\":{\"@type\":\"ImageObject\",\"inLanguage\":\"ca\",\"@id\":\"https:\\\/\\\/secure.gravatar.com\\\/avatar\\\/00d9bb6c3ddf1467d26a0879b961c6aac5852812160a03c7a6d9687aca05e37a?s=96&d=mm&r=g\",\"url\":\"https:\\\/\\\/secure.gravatar.com\\\/avatar\\\/00d9bb6c3ddf1467d26a0879b961c6aac5852812160a03c7a6d9687aca05e37a?s=96&d=mm&r=g\",\"contentUrl\":\"https:\\\/\\\/secure.gravatar.com\\\/avatar\\\/00d9bb6c3ddf1467d26a0879b961c6aac5852812160a03c7a6d9687aca05e37a?s=96&d=mm&r=g\",\"caption\":\"Alba Fundaci\u00f3n Patas Arriba\"},\"url\":\"https:\\\/\\\/www.fundacionpatasarriba.com\\\/ca\\\/author\\\/albapatasarriba\\\/\"}]}<\/script>\n<!-- \/ Yoast SEO plugin. -->","yoast_head_json":{"title":"Fundaci\u00f3n Patas Arriba D'un team building a una adopci\u00f3 Sense categoritzar -","description":"La hist\u00f2ria de com un team building va canviar la vida de Cup, un gos que portava massa anys en una protectora.","robots":{"index":"index","follow":"follow","max-snippet":"max-snippet:-1","max-image-preview":"max-image-preview:large","max-video-preview":"max-video-preview:-1"},"canonical":"https:\/\/www.fundacionpatasarriba.com\/ca\/dun-team-building-a-una-adopcio\/","og_locale":"ca_ES","og_type":"article","og_title":"Fundaci\u00f3n Patas Arriba D'un team building a una adopci\u00f3 Sense categoritzar -","og_description":"La hist\u00f2ria de com un team building va canviar la vida de Cup, un gos que portava massa anys en una protectora.","og_url":"https:\/\/www.fundacionpatasarriba.com\/ca\/dun-team-building-a-una-adopcio\/","og_site_name":"Fundaci\u00f3n Patas Arriba","article_published_time":"2025-02-07T10:39:24+00:00","article_modified_time":"2025-02-07T11:16:56+00:00","og_image":[{"width":1024,"height":600,"url":"https:\/\/www.fundacionpatasarriba.com\/wp-content\/uploads\/2025\/02\/teambuilding-1024x600.png","type":"image\/png"}],"author":"Alba Fundaci\u00f3n Patas Arriba","twitter_card":"summary_large_image","twitter_misc":{"Escrit per":"Alba Fundaci\u00f3n Patas Arriba","Temps estimat de lectura":"7 minuts"},"schema":{"@context":"https:\/\/schema.org","@graph":[{"@type":"Article","@id":"https:\/\/www.fundacionpatasarriba.com\/ca\/dun-team-building-a-una-adopcio\/#article","isPartOf":{"@id":"https:\/\/www.fundacionpatasarriba.com\/ca\/dun-team-building-a-una-adopcio\/"},"author":{"name":"Alba Fundaci\u00f3n Patas Arriba","@id":"https:\/\/www.fundacionpatasarriba.com\/ca\/#\/schema\/person\/a1d8029b60ead7ad1cd6199f1c806ef0"},"headline":"D&#8217;un team building a una adopci\u00f3","datePublished":"2025-02-07T10:39:24+00:00","dateModified":"2025-02-07T11:16:56+00:00","mainEntityOfPage":{"@id":"https:\/\/www.fundacionpatasarriba.com\/ca\/dun-team-building-a-una-adopcio\/"},"wordCount":1414,"commentCount":0,"publisher":{"@id":"https:\/\/www.fundacionpatasarriba.com\/ca\/#organization"},"image":{"@id":"https:\/\/www.fundacionpatasarriba.com\/ca\/dun-team-building-a-una-adopcio\/#primaryimage"},"thumbnailUrl":"https:\/\/www.fundacionpatasarriba.com\/wp-content\/uploads\/2025\/02\/teambuilding.png","articleSection":["Sense categoritzar"],"inLanguage":"ca","potentialAction":[{"@type":"CommentAction","name":"Comment","target":["https:\/\/www.fundacionpatasarriba.com\/ca\/dun-team-building-a-una-adopcio\/#respond"]}]},{"@type":"WebPage","@id":"https:\/\/www.fundacionpatasarriba.com\/ca\/dun-team-building-a-una-adopcio\/","url":"https:\/\/www.fundacionpatasarriba.com\/ca\/dun-team-building-a-una-adopcio\/","name":"Fundaci\u00f3n Patas Arriba D'un team building a una adopci\u00f3 Sense categoritzar -","isPartOf":{"@id":"https:\/\/www.fundacionpatasarriba.com\/ca\/#website"},"primaryImageOfPage":{"@id":"https:\/\/www.fundacionpatasarriba.com\/ca\/dun-team-building-a-una-adopcio\/#primaryimage"},"image":{"@id":"https:\/\/www.fundacionpatasarriba.com\/ca\/dun-team-building-a-una-adopcio\/#primaryimage"},"thumbnailUrl":"https:\/\/www.fundacionpatasarriba.com\/wp-content\/uploads\/2025\/02\/teambuilding.png","datePublished":"2025-02-07T10:39:24+00:00","dateModified":"2025-02-07T11:16:56+00:00","description":"La hist\u00f2ria de com un team building va canviar la vida de Cup, un gos que portava massa anys en una protectora.","breadcrumb":{"@id":"https:\/\/www.fundacionpatasarriba.com\/ca\/dun-team-building-a-una-adopcio\/#breadcrumb"},"inLanguage":"ca","potentialAction":[{"@type":"ReadAction","target":["https:\/\/www.fundacionpatasarriba.com\/ca\/dun-team-building-a-una-adopcio\/"]}]},{"@type":"ImageObject","inLanguage":"ca","@id":"https:\/\/www.fundacionpatasarriba.com\/ca\/dun-team-building-a-una-adopcio\/#primaryimage","url":"https:\/\/www.fundacionpatasarriba.com\/wp-content\/uploads\/2025\/02\/teambuilding.png","contentUrl":"https:\/\/www.fundacionpatasarriba.com\/wp-content\/uploads\/2025\/02\/teambuilding.png","width":2560,"height":1500},{"@type":"BreadcrumbList","@id":"https:\/\/www.fundacionpatasarriba.com\/ca\/dun-team-building-a-una-adopcio\/#breadcrumb","itemListElement":[{"@type":"ListItem","position":1,"name":"Home","item":"https:\/\/www.fundacionpatasarriba.com\/ca\/"},{"@type":"ListItem","position":2,"name":"D&#8217;un team building a una adopci\u00f3"}]},{"@type":"WebSite","@id":"https:\/\/www.fundacionpatasarriba.com\/ca\/#website","url":"https:\/\/www.fundacionpatasarriba.com\/ca\/","name":"Fundaci\u00f3n Patas Arriba","description":"Por un v\u00ednculo sano entre personas y animales de compa\u00f1\u00eda","publisher":{"@id":"https:\/\/www.fundacionpatasarriba.com\/ca\/#organization"},"potentialAction":[{"@type":"SearchAction","target":{"@type":"EntryPoint","urlTemplate":"https:\/\/www.fundacionpatasarriba.com\/ca\/?s={search_term_string}"},"query-input":{"@type":"PropertyValueSpecification","valueRequired":true,"valueName":"search_term_string"}}],"inLanguage":"ca"},{"@type":"Organization","@id":"https:\/\/www.fundacionpatasarriba.com\/ca\/#organization","name":"Fundaci\u00f3n Patas Arriba","url":"https:\/\/www.fundacionpatasarriba.com\/ca\/","logo":{"@type":"ImageObject","inLanguage":"ca","@id":"https:\/\/www.fundacionpatasarriba.com\/ca\/#\/schema\/logo\/image\/","url":"https:\/\/www.fundacionpatasarriba.com\/wp-content\/uploads\/2023\/10\/LOGO-HEADER.svg","contentUrl":"https:\/\/www.fundacionpatasarriba.com\/wp-content\/uploads\/2023\/10\/LOGO-HEADER.svg","width":229,"height":50,"caption":"Fundaci\u00f3n Patas Arriba"},"image":{"@id":"https:\/\/www.fundacionpatasarriba.com\/ca\/#\/schema\/logo\/image\/"}},{"@type":"Person","@id":"https:\/\/www.fundacionpatasarriba.com\/ca\/#\/schema\/person\/a1d8029b60ead7ad1cd6199f1c806ef0","name":"Alba Fundaci\u00f3n Patas Arriba","image":{"@type":"ImageObject","inLanguage":"ca","@id":"https:\/\/secure.gravatar.com\/avatar\/00d9bb6c3ddf1467d26a0879b961c6aac5852812160a03c7a6d9687aca05e37a?s=96&d=mm&r=g","url":"https:\/\/secure.gravatar.com\/avatar\/00d9bb6c3ddf1467d26a0879b961c6aac5852812160a03c7a6d9687aca05e37a?s=96&d=mm&r=g","contentUrl":"https:\/\/secure.gravatar.com\/avatar\/00d9bb6c3ddf1467d26a0879b961c6aac5852812160a03c7a6d9687aca05e37a?s=96&d=mm&r=g","caption":"Alba Fundaci\u00f3n Patas Arriba"},"url":"https:\/\/www.fundacionpatasarriba.com\/ca\/author\/albapatasarriba\/"}]}},"_links":{"self":[{"href":"https:\/\/www.fundacionpatasarriba.com\/ca\/wp-json\/wp\/v2\/posts\/4593","targetHints":{"allow":["GET"]}}],"collection":[{"href":"https:\/\/www.fundacionpatasarriba.com\/ca\/wp-json\/wp\/v2\/posts"}],"about":[{"href":"https:\/\/www.fundacionpatasarriba.com\/ca\/wp-json\/wp\/v2\/types\/post"}],"author":[{"embeddable":true,"href":"https:\/\/www.fundacionpatasarriba.com\/ca\/wp-json\/wp\/v2\/users\/4"}],"replies":[{"embeddable":true,"href":"https:\/\/www.fundacionpatasarriba.com\/ca\/wp-json\/wp\/v2\/comments?post=4593"}],"version-history":[{"count":25,"href":"https:\/\/www.fundacionpatasarriba.com\/ca\/wp-json\/wp\/v2\/posts\/4593\/revisions"}],"predecessor-version":[{"id":4642,"href":"https:\/\/www.fundacionpatasarriba.com\/ca\/wp-json\/wp\/v2\/posts\/4593\/revisions\/4642"}],"wp:featuredmedia":[{"embeddable":true,"href":"https:\/\/www.fundacionpatasarriba.com\/ca\/wp-json\/wp\/v2\/media\/4596"}],"wp:attachment":[{"href":"https:\/\/www.fundacionpatasarriba.com\/ca\/wp-json\/wp\/v2\/media?parent=4593"}],"wp:term":[{"taxonomy":"category","embeddable":true,"href":"https:\/\/www.fundacionpatasarriba.com\/ca\/wp-json\/wp\/v2\/categories?post=4593"},{"taxonomy":"post_tag","embeddable":true,"href":"https:\/\/www.fundacionpatasarriba.com\/ca\/wp-json\/wp\/v2\/tags?post=4593"}],"curies":[{"name":"wp","href":"https:\/\/api.w.org\/{rel}","templated":true}]}}