{"id":6032,"date":"2026-03-03T12:38:40","date_gmt":"2026-03-03T12:38:40","guid":{"rendered":"https:\/\/www.fundacionpatasarriba.com\/?p=6032"},"modified":"2026-03-04T12:00:41","modified_gmt":"2026-03-04T12:00:41","slug":"cooperatives-solidaries-en-educacio-primaria-4","status":"publish","type":"post","link":"https:\/\/www.fundacionpatasarriba.com\/ca\/cooperatives-solidaries-en-educacio-primaria-4\/","title":{"rendered":"M\u00e9s de 1.000 estudiants reben educaci\u00f3 en benestar animal a Reus en el primer trimestre de l&#8217;any"},"content":{"rendered":"\t\t<div data-elementor-type=\"wp-post\" data-elementor-id=\"6032\" class=\"elementor elementor-6032 elementor-6031\" data-elementor-post-type=\"post\">\n\t\t\t\t<div class=\"elementor-element elementor-element-c52489d elementor-hidden-desktop e-flex e-con-boxed e-con e-parent\" data-id=\"c52489d\" data-element_type=\"container\" data-e-type=\"container\">\n\t\t\t\t\t<div class=\"e-con-inner\">\n\t\t\t\t<div class=\"elementor-element elementor-element-8119d33 elementor-widget elementor-widget-spacer\" data-id=\"8119d33\" data-element_type=\"widget\" data-e-type=\"widget\" data-widget_type=\"spacer.default\">\n\t\t\t\t<div class=\"elementor-widget-container\">\n\t\t\t\t\t\t\t<div class=\"elementor-spacer\">\n\t\t\t<div class=\"elementor-spacer-inner\"><\/div>\n\t\t<\/div>\n\t\t\t\t\t\t<\/div>\n\t\t\t\t<\/div>\n\t\t\t\t<div class=\"elementor-element elementor-element-8573a9b elementor-widget elementor-widget-heading\" data-id=\"8573a9b\" data-element_type=\"widget\" data-e-type=\"widget\" data-widget_type=\"heading.default\">\n\t\t\t\t<div class=\"elementor-widget-container\">\n\t\t\t\t\t<h1 class=\"elementor-heading-title elementor-size-default\">M\u00e9s de 1.000 estudiants reben educaci\u00f3 en benestar animal a Reus en el primer trimestre de l'any<\/h1>\t\t\t\t<\/div>\n\t\t\t\t<\/div>\n\t\t\t\t<div class=\"elementor-element elementor-element-f56a0c2 elementor-widget elementor-widget-spacer\" data-id=\"f56a0c2\" data-element_type=\"widget\" data-e-type=\"widget\" data-widget_type=\"spacer.default\">\n\t\t\t\t<div class=\"elementor-widget-container\">\n\t\t\t\t\t\t\t<div class=\"elementor-spacer\">\n\t\t\t<div class=\"elementor-spacer-inner\"><\/div>\n\t\t<\/div>\n\t\t\t\t\t\t<\/div>\n\t\t\t\t<\/div>\n\t\t\t\t\t<\/div>\n\t\t\t\t<\/div>\n\t\t<div class=\"elementor-element elementor-element-73096a1 elementor-hidden-desktop e-flex e-con-boxed e-con e-parent\" data-id=\"73096a1\" data-element_type=\"container\" data-e-type=\"container\">\n\t\t\t\t\t<div class=\"e-con-inner\">\n\t\t\t\t<div class=\"elementor-element elementor-element-3e3051d elementor-hidden-desktop elementor-widget elementor-widget-text-editor\" data-id=\"3e3051d\" data-element_type=\"widget\" data-e-type=\"widget\" data-widget_type=\"text-editor.default\">\n\t\t\t\t<div class=\"elementor-widget-container\">\n\t\t\t\t\t\t\t\t\t<p>L&#8217;educaci\u00f3 en benestar animal ja \u00e9s una realitat a les aules de Reus.<\/p><p>En el marc del projecte municipal <a href=\"https:\/\/www.reus.cat\/ares\/infants-ciutadans\"><i>Infants Ciutadans<\/i><\/a>, la Fundaci\u00f3 Patas Arriba ha desenvolupat un ambici\u00f3s programa educatiu en col\u00b7laboraci\u00f3 amb el Ajuntament de Reus, aconseguint una xifra hist\u00f2rica per a la nostra entitat:<\/p><p><b>26 centres educatius, 44 sessions i m\u00e9s de 1.000 nens i nenes formats en benestar animal entre gener i febrer de 2026.<\/b><\/p><p>Una fita que consolida l&#8217;educaci\u00f3 com a eina clau per a construir una ciutadania m\u00e9s conscient, emp\u00e0tica i responsable.<\/p><p>Les 44 sessions d&#8217;educaci\u00f3 en benestar animal es van dur a terme en els seg\u00fcents 26 centres educatius de Reus: Escola Mowgli, Lyc\u00e9e Fran\u00e7ais International de Reus. Miseric\u00f2rdia, Rubi\u00f3 i Ors, C\u00e8lia Artiga, Prat de la Riba, Sant Josep, La Vitxeta, Isabel Besora, la Salle, Montsant de Reus, Sant Pau, Sant Bernat Calv\u00f3, Maria Rosa Molas, Escola Maria Cortina, Pi del Burgar, Puigcerver, Maria Fortuny, Alberich i Casas, Joan Rebull, Teresa Miquel i P\u00e0mies, Eduard Tota, Rosa Sensat, Els Ganxets, Pari Manyanet i General Prim. <\/p><h2> <\/h2><h2><b>Educaci\u00f3 en benestar animal des de les aules<\/b><\/h2><p>L&#8217;objectiu del projecte ha estat clar: acostar el benestar animal a la comunitat educativa i fomentar la tinen\u00e7a responsable des d&#8217;edats primerenques.<\/p><p>Durant les sessions treballem continguts fonamentals com:<\/p><ul><li aria-level=\"1\">Qu\u00e8 \u00e9s el benestar animal?<\/li><li aria-level=\"1\">Els animals tenen drets?<\/li><li aria-level=\"1\">Les 5 llibertats dels animals.<\/li><li aria-level=\"1\">El paper de la ciutadania en la conviv\u00e8ncia amb animals.<\/li><li aria-level=\"1\">Les obligacions que marca l&#8217;actual llei.<\/li><li aria-level=\"1\">La responsabilitat dels ajuntaments en la protecci\u00f3 animal.<\/li><li aria-level=\"1\">Reflexions sobre qu\u00e8 es pot fer en el municipi que encara no es faci.<\/li><\/ul><p> <\/p><p>Tot aix\u00f2 a trav\u00e9s d&#8217;una metodologia participativa, promovent la reflexi\u00f3 cr\u00edtica i el debat a l&#8217;aula. No es tractava nom\u00e9s de transmetre informaci\u00f3, sin\u00f3 de generar consci\u00e8ncia i debat. <\/p>\t\t\t\t\t\t\t\t<\/div>\n\t\t\t\t<\/div>\n\t\t\t\t<div class=\"elementor-element elementor-element-2ab91b3 elementor-hidden-desktop elementor-widget elementor-widget-image\" data-id=\"2ab91b3\" data-element_type=\"widget\" data-e-type=\"widget\" data-widget_type=\"image.default\">\n\t\t\t\t<div class=\"elementor-widget-container\">\n\t\t\t\t\t\t\t\t\t\t\t\t\t\t\t<img fetchpriority=\"high\" decoding=\"async\" width=\"800\" height=\"600\" src=\"https:\/\/www.fundacionpatasarriba.com\/wp-content\/uploads\/2026\/03\/WhatsApp-Image-2026-01-20-at-12.08.19-1024x768.jpeg\" class=\"attachment-large size-large wp-image-6038\" alt=\"Educaci\u00f3n bienestar animal\" srcset=\"https:\/\/www.fundacionpatasarriba.com\/wp-content\/uploads\/2026\/03\/WhatsApp-Image-2026-01-20-at-12.08.19-1024x768.jpeg 1024w, https:\/\/www.fundacionpatasarriba.com\/wp-content\/uploads\/2026\/03\/WhatsApp-Image-2026-01-20-at-12.08.19-300x225.jpeg 300w, https:\/\/www.fundacionpatasarriba.com\/wp-content\/uploads\/2026\/03\/WhatsApp-Image-2026-01-20-at-12.08.19-768x576.jpeg 768w, https:\/\/www.fundacionpatasarriba.com\/wp-content\/uploads\/2026\/03\/WhatsApp-Image-2026-01-20-at-12.08.19-1536x1152.jpeg 1536w, https:\/\/www.fundacionpatasarriba.com\/wp-content\/uploads\/2026\/03\/WhatsApp-Image-2026-01-20-at-12.08.19.jpeg 2048w\" sizes=\"(max-width: 800px) 100vw, 800px\" \/>\t\t\t\t\t\t\t\t\t\t\t\t\t\t\t<\/div>\n\t\t\t\t<\/div>\n\t\t\t\t<div class=\"elementor-element elementor-element-aa03f0c elementor-hidden-desktop elementor-widget elementor-widget-text-editor\" data-id=\"aa03f0c\" data-element_type=\"widget\" data-e-type=\"widget\" data-widget_type=\"text-editor.default\">\n\t\t\t\t<div class=\"elementor-widget-container\">\n\t\t\t\t\t\t\t\t\t<h2><b>La llei de benestar animal en el centre de l&#8217;aprenentatge<\/b><\/h2><p>Un dels eixos principals del programa ha estat explicar de manera clara i adaptada a l&#8217;alumnat l&#8217;actual Llei 7\/2023 de protecci\u00f3 dels drets i el benestar dels animals, coneguda comunament com la llei de benestar animal.<\/p><p>Treballem aspectes clau com:<\/p><ul><li aria-level=\"1\">El reconeixement dels animals com a \u00e9ssers sintientes.<\/li><li aria-level=\"1\">Les obligacions de les persones propiet\u00e0ries.<\/li><li aria-level=\"1\">La prevenci\u00f3 de l&#8217;abandonament.<\/li><li aria-level=\"1\">La import\u00e0ncia del control \u00e8tic de col\u00f2nies felines.<\/li><li aria-level=\"1\">El paper dels ajuntaments en la garantia d&#8217;aquests drets.<\/li><\/ul><p> <\/p><p>L&#8217;alumnat va poder comprendre que la llei no \u00e9s nom\u00e9s un text legal, sin\u00f3 una eina per a millorar la conviv\u00e8ncia a les nostres ciutats.<\/p><h2><b>Un repte organitzatiu superat amb \u00e8xit<\/b><\/h2><p>L&#8217;execuci\u00f3 del projecte es va concentrar en un per\u00edode molt ajustat: gener i febrer de 2026, coincidint a m\u00e9s amb setmanes culturals i activitats de Carnestoltes en molts centres.<\/p><p>Aquest esfor\u00e7 log\u00edstic sol va ser possible gr\u00e0cies a la coordinaci\u00f3 amb l&#8217;Ajuntament, la implicaci\u00f3 dels equips directius dels centres educatius, i la flexibilitat i comprom\u00eds del professorat.<\/p><p>La valoraci\u00f3 global del projecte ha estat molt positiva tant per part dels centres educatius com del consistori.<br><\/p><h4 data-start=\"7151\" data-end=\"7248\"> <\/h4><h2><b>Quan l&#8217;educaci\u00f3 transforma la ciutat<\/b><\/h2><p>Reus ha demostrat que integrar l&#8217;educaci\u00f3 en benestar animal dins d&#8217;un pla municipal multiplica l&#8217;impacte. L&#8217;alumnat no sols apr\u00e8n qu\u00e8 diu la llei de benestar animal, sin\u00f3 que ent\u00e9n que conviure amb animals implica responsabilitat, respecte i comprom\u00eds ciutad\u00e0. <\/p><p>Des de la Fundaci\u00f3 Patas Arriba creiem fermament que la transformaci\u00f3 comen\u00e7a a les aules. Reus ja ha fet el pas. Aquest projecte marca un abans i un despr\u00e9s en la nostra missi\u00f3 de portar l&#8217;educaci\u00f3 en benestar animal a cada vegada m\u00e9s municipis.  <\/p><h4 data-start=\"7151\" data-end=\"7248\"> <\/h4><p>Si formes part d&#8217;un centre educatiu o d&#8217;una administraci\u00f3 p\u00fablica i vols implementar un programa d&#8217;educaci\u00f3 en benestar animal adaptat al teu municipi, estarem encantats d&#8217;explorar una col\u00b7laboraci\u00f3. Escriu-nos al correu info@fundacionpatasarriba.com. <\/p>\t\t\t\t\t\t\t\t<\/div>\n\t\t\t\t<\/div>\n\t\t\t\t\t<\/div>\n\t\t\t\t<\/div>\n\t\t<div class=\"elementor-element elementor-element-ca4bcbe e-flex e-con-boxed e-con e-parent\" data-id=\"ca4bcbe\" data-element_type=\"container\" data-e-type=\"container\">\n\t\t\t\t\t<div class=\"e-con-inner\">\n\t\t\t\t\t<\/div>\n\t\t\t\t<\/div>\n\t\t<div class=\"elementor-element elementor-element-14facbfe e-con-full elementor-hidden-tablet elementor-hidden-mobile e-flex e-con e-parent\" data-id=\"14facbfe\" data-element_type=\"container\" data-e-type=\"container\">\n\t\t<div class=\"elementor-element elementor-element-93cdf58 e-con-full e-flex e-con e-child\" data-id=\"93cdf58\" data-element_type=\"container\" data-e-type=\"container\">\n\t\t\t\t<div class=\"elementor-element elementor-element-7a2655c5 e-transform e-transform e-transform e-transform elementor-widget-mobile__width-initial elementor-widget elementor-widget-heading\" data-id=\"7a2655c5\" data-element_type=\"widget\" data-e-type=\"widget\" data-settings=\"{&quot;_transform_rotateZ_effect&quot;:{&quot;unit&quot;:&quot;px&quot;,&quot;size&quot;:&quot;&quot;,&quot;sizes&quot;:[]},&quot;_transform_rotateZ_effect_tablet&quot;:{&quot;unit&quot;:&quot;deg&quot;,&quot;size&quot;:&quot;&quot;,&quot;sizes&quot;:[]},&quot;_transform_rotateZ_effect_mobile&quot;:{&quot;unit&quot;:&quot;deg&quot;,&quot;size&quot;:&quot;&quot;,&quot;sizes&quot;:[]},&quot;_transform_translateX_effect&quot;:{&quot;unit&quot;:&quot;px&quot;,&quot;size&quot;:&quot;&quot;,&quot;sizes&quot;:[]},&quot;_transform_translateX_effect_tablet&quot;:{&quot;unit&quot;:&quot;px&quot;,&quot;size&quot;:&quot;&quot;,&quot;sizes&quot;:[]},&quot;_transform_translateX_effect_mobile&quot;:{&quot;unit&quot;:&quot;px&quot;,&quot;size&quot;:&quot;&quot;,&quot;sizes&quot;:[]},&quot;_transform_translateY_effect&quot;:{&quot;unit&quot;:&quot;px&quot;,&quot;size&quot;:&quot;&quot;,&quot;sizes&quot;:[]},&quot;_transform_translateY_effect_tablet&quot;:{&quot;unit&quot;:&quot;px&quot;,&quot;size&quot;:&quot;&quot;,&quot;sizes&quot;:[]},&quot;_transform_translateY_effect_mobile&quot;:{&quot;unit&quot;:&quot;px&quot;,&quot;size&quot;:&quot;&quot;,&quot;sizes&quot;:[]},&quot;_transform_scale_effect&quot;:{&quot;unit&quot;:&quot;px&quot;,&quot;size&quot;:&quot;&quot;,&quot;sizes&quot;:[]},&quot;_transform_scale_effect_tablet&quot;:{&quot;unit&quot;:&quot;px&quot;,&quot;size&quot;:&quot;&quot;,&quot;sizes&quot;:[]},&quot;_transform_scale_effect_mobile&quot;:{&quot;unit&quot;:&quot;px&quot;,&quot;size&quot;:&quot;&quot;,&quot;sizes&quot;:[]},&quot;_transform_skewX_effect&quot;:{&quot;unit&quot;:&quot;px&quot;,&quot;size&quot;:&quot;&quot;,&quot;sizes&quot;:[]},&quot;_transform_skewX_effect_tablet&quot;:{&quot;unit&quot;:&quot;deg&quot;,&quot;size&quot;:&quot;&quot;,&quot;sizes&quot;:[]},&quot;_transform_skewX_effect_mobile&quot;:{&quot;unit&quot;:&quot;deg&quot;,&quot;size&quot;:&quot;&quot;,&quot;sizes&quot;:[]},&quot;_transform_skewY_effect&quot;:{&quot;unit&quot;:&quot;px&quot;,&quot;size&quot;:&quot;&quot;,&quot;sizes&quot;:[]},&quot;_transform_skewY_effect_tablet&quot;:{&quot;unit&quot;:&quot;deg&quot;,&quot;size&quot;:&quot;&quot;,&quot;sizes&quot;:[]},&quot;_transform_skewY_effect_mobile&quot;:{&quot;unit&quot;:&quot;deg&quot;,&quot;size&quot;:&quot;&quot;,&quot;sizes&quot;:[]}}\" data-widget_type=\"heading.default\">\n\t\t\t\t<div class=\"elementor-widget-container\">\n\t\t\t\t\t<h1 class=\"elementor-heading-title elementor-size-default\">M\u00e9s de 1.000 estudiants reben educaci\u00f3 en benestar animal a Reus en el primer trimestre de l'any<\/h1>\t\t\t\t<\/div>\n\t\t\t\t<\/div>\n\t\t\t\t<\/div>\n\t\t\t\t<\/div>\n\t\t<div class=\"elementor-element elementor-element-38043a1 e-con-full e-flex e-con e-parent\" data-id=\"38043a1\" data-element_type=\"container\" data-e-type=\"container\">\n\t\t\t\t<div class=\"elementor-element elementor-element-f448e73 elementor-hidden-tablet elementor-hidden-mobile elementor-widget elementor-widget-text-editor\" data-id=\"f448e73\" data-element_type=\"widget\" data-e-type=\"widget\" data-widget_type=\"text-editor.default\">\n\t\t\t\t<div class=\"elementor-widget-container\">\n\t\t\t\t\t\t\t\t\t<p>L&#8217;educaci\u00f3 en benestar animal ja \u00e9s una realitat a les aules de Reus.<\/p><p>En el marc del projecte municipal <i><span style=\"font-weight: 400;\"><span style=\"font-weight: 400;\"><span style=\"font-weight: 400;\"><a href=\"https:\/\/www.reus.cat\/ares\/infants-ciutadans\">Infants Ciutadans<\/a><\/span><\/span><\/span><\/i>, la Fundaci\u00f3 Patas Arriba ha desenvolupat un ambici\u00f3s programa educatiu en col\u00b7laboraci\u00f3 amb el Ajuntament de Reus, aconseguint una xifra hist\u00f2rica per a la nostra entitat:<\/p><p><b>26 centres educatius, 44 sessions i m\u00e9s de 1.000 nens i nenes formats en benestar animal entre gener i febrer de 2026.<\/b><\/p><p><span style=\"font-weight: 400;\">Una fita que consolida l&#8217;educaci\u00f3 com a eina clau per a construir una ciutadania m\u00e9s conscient, emp\u00e0tica i responsable.<\/span><\/p><p><span style=\"font-weight: 400;\">Las 44 sesiones de <\/span><b>educaci\u00f3n en bienestar animal<\/b><span style=\"font-weight: 400;\"> es van dur a terme en els seg\u00fcents 26 centres educatius de Reus: Escola Mowgli, Lyc\u00e9e Fran\u00e7ais International de Reus. Miseric\u00f2rdia, Rubi\u00f3 i Ors, C\u00e8lia Artiga, Prat de la Riba, Sant Josep, La Vitxeta, Isabel Besora, la Salle, Montsant de Reus, Sant Pau, Sant Bernat Calv\u00f3, Maria Rosa Molas, Escola Maria Cortina, Pi del Burgar, Puigcerver, Maria Fortuny, Alberich i Casas, Joan Rebull, Teresa Miquel i P\u00e0mies, Eduard Tota, Rosa Sensat, Els Ganxets, Pari Manyanet i General Prim. <\/span><\/p><h2> <\/h2><h2><b>Educaci\u00f3 en benestar animal des de les aules<\/b><\/h2><p><span style=\"font-weight: 400;\">El objetivo del proyecto ha sido claro: acercar el bienestar animal a la comunidad educativa y fomentar la tenencia responsable desde edades tempranas.<\/span><\/p><p><span style=\"font-weight: 400;\">Durant les sessions treballem continguts fonamentals com:<\/span><\/p><ul><li style=\"font-weight: 400;\" aria-level=\"1\"><span style=\"font-weight: 400;\">Qu\u00e8 \u00e9s el benestar animal?<\/span><\/li><li style=\"font-weight: 400;\" aria-level=\"1\"><span style=\"font-weight: 400;\">Els animals tenen drets?<\/span><\/li><li style=\"font-weight: 400;\" aria-level=\"1\"><span style=\"font-weight: 400;\">Les 5 llibertats dels animals.<\/span><\/li><li style=\"font-weight: 400;\" aria-level=\"1\"><span style=\"font-weight: 400;\">El paper de la ciutadania en la conviv\u00e8ncia amb animals.<\/span><\/li><li style=\"font-weight: 400;\" aria-level=\"1\"><span style=\"font-weight: 400;\">Les obligacions que marca l&#8217;actual llei.<\/span><\/li><li style=\"font-weight: 400;\" aria-level=\"1\"><span style=\"font-weight: 400;\">La responsabilitat dels ajuntaments en la protecci\u00f3 animal.<\/span><\/li><li style=\"font-weight: 400;\" aria-level=\"1\"><span style=\"font-weight: 400;\">Reflexions sobre qu\u00e8 es pot fer en el municipi que encara no es faci.<\/span><\/li><\/ul><p> <\/p><p><span style=\"font-weight: 400;\">Tot aix\u00f2 a trav\u00e9s d&#8217;una metodologia participativa, promovent la reflexi\u00f3 cr\u00edtica i el debat a l&#8217;aula. No es tractava nom\u00e9s de transmetre informaci\u00f3, sin\u00f3 de generar consci\u00e8ncia i debat. <\/span><\/p>\t\t\t\t\t\t\t\t<\/div>\n\t\t\t\t<\/div>\n\t\t\t\t<div class=\"elementor-element elementor-element-4fded47 elementor-hidden-mobile elementor-hidden-tablet elementor-widget elementor-widget-image\" data-id=\"4fded47\" data-element_type=\"widget\" data-e-type=\"widget\" data-widget_type=\"image.default\">\n\t\t\t\t<div class=\"elementor-widget-container\">\n\t\t\t\t\t\t\t\t\t\t\t\t\t\t\t<img fetchpriority=\"high\" decoding=\"async\" width=\"800\" height=\"600\" src=\"https:\/\/www.fundacionpatasarriba.com\/wp-content\/uploads\/2026\/03\/WhatsApp-Image-2026-01-20-at-12.08.19-1024x768.jpeg\" class=\"attachment-large size-large wp-image-6038\" alt=\"Educaci\u00f3n bienestar animal\" srcset=\"https:\/\/www.fundacionpatasarriba.com\/wp-content\/uploads\/2026\/03\/WhatsApp-Image-2026-01-20-at-12.08.19-1024x768.jpeg 1024w, https:\/\/www.fundacionpatasarriba.com\/wp-content\/uploads\/2026\/03\/WhatsApp-Image-2026-01-20-at-12.08.19-300x225.jpeg 300w, https:\/\/www.fundacionpatasarriba.com\/wp-content\/uploads\/2026\/03\/WhatsApp-Image-2026-01-20-at-12.08.19-768x576.jpeg 768w, https:\/\/www.fundacionpatasarriba.com\/wp-content\/uploads\/2026\/03\/WhatsApp-Image-2026-01-20-at-12.08.19-1536x1152.jpeg 1536w, https:\/\/www.fundacionpatasarriba.com\/wp-content\/uploads\/2026\/03\/WhatsApp-Image-2026-01-20-at-12.08.19.jpeg 2048w\" sizes=\"(max-width: 800px) 100vw, 800px\" \/>\t\t\t\t\t\t\t\t\t\t\t\t\t\t\t<\/div>\n\t\t\t\t<\/div>\n\t\t\t\t<div class=\"elementor-element elementor-element-d5a1c8b elementor-hidden-tablet elementor-hidden-mobile elementor-widget elementor-widget-text-editor\" data-id=\"d5a1c8b\" data-element_type=\"widget\" data-e-type=\"widget\" data-widget_type=\"text-editor.default\">\n\t\t\t\t<div class=\"elementor-widget-container\">\n\t\t\t\t\t\t\t\t\t<h2><b>La llei de benestar animal en el centre de l&#8217;aprenentatge<\/b><\/h2><p>Un dels eixos principals del programa ha estat explicar de manera clara i adaptada a l&#8217;alumnat l&#8217;actual Llei 7\/2023 de protecci\u00f3 dels drets i el benestar dels animals, coneguda comunament com la llei de benestar animal.<\/p><p><span style=\"font-weight: 400;\">Treballem aspectes clau com:<\/span><\/p><ul><li style=\"font-weight: 400;\" aria-level=\"1\"><span style=\"font-weight: 400;\">El reconeixement dels animals com a \u00e9ssers sintientes.<\/span><\/li><li style=\"font-weight: 400;\" aria-level=\"1\"><span style=\"font-weight: 400;\">Les obligacions de les persones propiet\u00e0ries.<\/span><\/li><li style=\"font-weight: 400;\" aria-level=\"1\"><span style=\"font-weight: 400;\">La prevenci\u00f3 de l&#8217;abandonament.<\/span><\/li><li style=\"font-weight: 400;\" aria-level=\"1\"><span style=\"font-weight: 400;\">La import\u00e0ncia del control \u00e8tic de col\u00f2nies felines.<\/span><\/li><li style=\"font-weight: 400;\" aria-level=\"1\"><span style=\"font-weight: 400;\">El paper dels ajuntaments en la garantia d&#8217;aquests drets.<\/span><\/li><\/ul><p> <\/p><p><span style=\"font-weight: 400;\">L&#8217;alumnat va poder comprendre que la llei no \u00e9s nom\u00e9s un text legal, sin\u00f3 una eina per a millorar la conviv\u00e8ncia a les nostres ciutats.<\/span><\/p><h2> <\/h2><h2><b>Un repte organitzatiu superat amb \u00e8xit<\/b><\/h2><p><span style=\"font-weight: 400;\">L&#8217;execuci\u00f3 del projecte es va concentrar en un per\u00edode molt ajustat: gener i febrer de 2026, coincidint a m\u00e9s amb setmanes culturals i activitats de Carnestoltes en molts centres.<\/span><\/p><p><span style=\"font-weight: 400;\">Aquest esfor\u00e7 log\u00edstic sol va ser possible gr\u00e0cies a la coordinaci\u00f3 amb l&#8217;Ajuntament, la implicaci\u00f3 dels equips directius dels centres educatius, i la flexibilitat i comprom\u00eds del professorat.<\/span><\/p><p><span style=\"font-weight: 400;\">La valoraci\u00f3 global del projecte ha estat molt positiva tant per part dels centres educatius com del consistori.<\/span><\/p><h4 data-start=\"7151\" data-end=\"7248\"> <\/h4><h2><b>Quan l&#8217;educaci\u00f3 transforma la ciutat<\/b><\/h2><p>Reus ha demostrat que integrar l&#8217;educaci\u00f3 en benestar animal dins d&#8217;un pla municipal<span style=\"font-weight: 400;\"> multiplica l&#8217;impacte. L&#8217;alumnat no sols apr\u00e8n qu\u00e8 diu la llei de benestar animal, sin\u00f3 que ent\u00e9n que conviure amb animals implica responsabilitat, respecte i comprom\u00eds ciutad\u00e0. <\/span><\/p><p><span style=\"font-weight: 400;\">Desde la Fundaci\u00f3n Patas Arriba creemos firmemente que la transformaci\u00f3n empieza en las aulas. Reus ya ha dado el paso. Este proyecto marca un antes y un despu\u00e9s en nuestra misi\u00f3n de llevar la educaci\u00f3n en bienestar animal a cada vez m\u00e1s municipios.  <\/span><\/p><h4 data-start=\"7151\" data-end=\"7248\"> <\/h4><p>Si formes part d&#8217;un centre educatiu o d&#8217;una administraci\u00f3 p\u00fablica i vols implementar un programa d&#8217;educaci\u00f3 en benestar animal<span style=\"font-weight: 400;\"> adaptat al teu municipi, estarem encantats d&#8217;explorar una col\u00b7laboraci\u00f3. Escriu-nos al correu info@fundacionpatasarriba.com. <\/span><\/p>\t\t\t\t\t\t\t\t<\/div>\n\t\t\t\t<\/div>\n\t\t\t\t<div class=\"elementor-element elementor-element-6fd937e elementor-align-center elementor-widget elementor-widget-button\" data-id=\"6fd937e\" data-element_type=\"widget\" data-e-type=\"widget\" data-widget_type=\"button.default\">\n\t\t\t\t<div class=\"elementor-widget-container\">\n\t\t\t\t\t\t\t\t\t<div class=\"elementor-button-wrapper\">\n\t\t\t\t\t<a class=\"elementor-button elementor-button-link elementor-size-lg\" href=\"https:\/\/www.fundacionpatasarriba.com\/ca\/escoles\/\">\n\t\t\t\t\t\t<span class=\"elementor-button-content-wrapper\">\n\t\t\t\t\t\t\t\t\t<span class=\"elementor-button-text\">VULL M\u00c9S INFORMACI\u00d3<\/span>\n\t\t\t\t\t<\/span>\n\t\t\t\t\t<\/a>\n\t\t\t\t<\/div>\n\t\t\t\t\t\t\t\t<\/div>\n\t\t\t\t<\/div>\n\t\t\t\t<\/div>\n\t\t<div class=\"elementor-element elementor-element-c24a413 e-flex e-con-boxed e-con e-parent\" data-id=\"c24a413\" data-element_type=\"container\" data-e-type=\"container\" data-settings=\"{&quot;background_background&quot;:&quot;classic&quot;}\">\n\t\t\t\t\t<div class=\"e-con-inner\">\n\t\t\t\t<div class=\"elementor-element elementor-element-a83d0d1 elementor-widget elementor-widget-text-editor\" data-id=\"a83d0d1\" data-element_type=\"widget\" data-e-type=\"widget\" data-widget_type=\"text-editor.default\">\n\t\t\t\t<div class=\"elementor-widget-container\">\n\t\t\t\t\t\t\t\t\t<h2 style=\"text-align: center;\"><strong>Comparteix el post a les teves xarxes!<\/strong><\/h2>\t\t\t\t\t\t\t\t<\/div>\n\t\t\t\t<\/div>\n\t\t\t\t<div class=\"elementor-element elementor-element-340690a elementor-share-buttons--view-icon elementor-share-buttons--skin-framed elementor-share-buttons--shape-circle elementor-grid-0 elementor-share-buttons--color-official elementor-widget elementor-widget-share-buttons\" data-id=\"340690a\" data-element_type=\"widget\" data-e-type=\"widget\" data-widget_type=\"share-buttons.default\">\n\t\t\t\t<div class=\"elementor-widget-container\">\n\t\t\t\t\t\t\t<div class=\"elementor-grid\" role=\"list\">\n\t\t\t\t\t\t\t\t<div class=\"elementor-grid-item\" role=\"listitem\">\n\t\t\t\t\t\t<div class=\"elementor-share-btn elementor-share-btn_facebook\" role=\"button\" tabindex=\"0\" aria-label=\"Compartici\u00f3 en facebook\">\n\t\t\t\t\t\t\t\t\t\t\t\t\t\t\t<span class=\"elementor-share-btn__icon\">\n\t\t\t\t\t\t\t\t<i class=\"fab fa-facebook\" aria-hidden=\"true\"><\/i>\t\t\t\t\t\t\t<\/span>\n\t\t\t\t\t\t\t\t\t\t\t\t\t\t\t\t\t\t\t\t<\/div>\n\t\t\t\t\t<\/div>\n\t\t\t\t\t\t\t\t\t<div class=\"elementor-grid-item\" role=\"listitem\">\n\t\t\t\t\t\t<div class=\"elementor-share-btn elementor-share-btn_twitter\" role=\"button\" tabindex=\"0\" aria-label=\"Compartici\u00f3 en twitter\">\n\t\t\t\t\t\t\t\t\t\t\t\t\t\t\t<span class=\"elementor-share-btn__icon\">\n\t\t\t\t\t\t\t\t<i class=\"fab fa-twitter\" aria-hidden=\"true\"><\/i>\t\t\t\t\t\t\t<\/span>\n\t\t\t\t\t\t\t\t\t\t\t\t\t\t\t\t\t\t\t\t<\/div>\n\t\t\t\t\t<\/div>\n\t\t\t\t\t\t\t\t\t<div class=\"elementor-grid-item\" role=\"listitem\">\n\t\t\t\t\t\t<div class=\"elementor-share-btn elementor-share-btn_linkedin\" role=\"button\" tabindex=\"0\" aria-label=\"Compartici\u00f3 en linkedin\">\n\t\t\t\t\t\t\t\t\t\t\t\t\t\t\t<span class=\"elementor-share-btn__icon\">\n\t\t\t\t\t\t\t\t<i class=\"fab fa-linkedin\" aria-hidden=\"true\"><\/i>\t\t\t\t\t\t\t<\/span>\n\t\t\t\t\t\t\t\t\t\t\t\t\t\t\t\t\t\t\t\t<\/div>\n\t\t\t\t\t<\/div>\n\t\t\t\t\t\t\t\t\t<div class=\"elementor-grid-item\" role=\"listitem\">\n\t\t\t\t\t\t<div class=\"elementor-share-btn elementor-share-btn_whatsapp\" role=\"button\" tabindex=\"0\" aria-label=\"Compartici\u00f3 en whatsapp\">\n\t\t\t\t\t\t\t\t\t\t\t\t\t\t\t<span class=\"elementor-share-btn__icon\">\n\t\t\t\t\t\t\t\t<i class=\"fab fa-whatsapp\" aria-hidden=\"true\"><\/i>\t\t\t\t\t\t\t<\/span>\n\t\t\t\t\t\t\t\t\t\t\t\t\t\t\t\t\t\t\t\t<\/div>\n\t\t\t\t\t<\/div>\n\t\t\t\t\t\t<\/div>\n\t\t\t\t\t\t<\/div>\n\t\t\t\t<\/div>\n\t\t\t\t\t<\/div>\n\t\t\t\t<\/div>\n\t\t<div class=\"elementor-element elementor-element-4e221ae e-flex e-con-boxed e-con e-parent\" data-id=\"4e221ae\" data-element_type=\"container\" data-e-type=\"container\" data-settings=\"{&quot;background_background&quot;:&quot;classic&quot;}\">\n\t\t\t\t\t<div class=\"e-con-inner\">\n\t\t\t\t\t<\/div>\n\t\t\t\t<\/div>\n\t\t<div class=\"elementor-element elementor-element-5dddb18 e-con-full e-flex e-con e-parent\" data-id=\"5dddb18\" data-element_type=\"container\" data-e-type=\"container\">\n\t\t\t\t<div class=\"elementor-element elementor-element-d2bdf47 elementor-widget-divider--view-line elementor-widget elementor-widget-divider\" data-id=\"d2bdf47\" data-element_type=\"widget\" data-e-type=\"widget\" data-widget_type=\"divider.default\">\n\t\t\t\t<div class=\"elementor-widget-container\">\n\t\t\t\t\t\t\t<div class=\"elementor-divider\">\n\t\t\t<span class=\"elementor-divider-separator\">\n\t\t\t\t\t\t<\/span>\n\t\t<\/div>\n\t\t\t\t\t\t<\/div>\n\t\t\t\t<\/div>\n\t\t<div class=\"elementor-element elementor-element-587cbba e-con-full e-flex e-con e-child\" data-id=\"587cbba\" data-element_type=\"container\" data-e-type=\"container\">\n\t\t\t\t<div class=\"elementor-element elementor-element-a6cc8e5 e-transform e-transform e-transform e-transform elementor-widget elementor-widget-heading\" data-id=\"a6cc8e5\" data-element_type=\"widget\" data-e-type=\"widget\" data-settings=\"{&quot;_transform_rotateZ_effect&quot;:{&quot;unit&quot;:&quot;px&quot;,&quot;size&quot;:&quot;&quot;,&quot;sizes&quot;:[]},&quot;_transform_rotateZ_effect_tablet&quot;:{&quot;unit&quot;:&quot;deg&quot;,&quot;size&quot;:&quot;&quot;,&quot;sizes&quot;:[]},&quot;_transform_rotateZ_effect_mobile&quot;:{&quot;unit&quot;:&quot;deg&quot;,&quot;size&quot;:&quot;&quot;,&quot;sizes&quot;:[]},&quot;_transform_translateX_effect&quot;:{&quot;unit&quot;:&quot;px&quot;,&quot;size&quot;:&quot;&quot;,&quot;sizes&quot;:[]},&quot;_transform_translateX_effect_tablet&quot;:{&quot;unit&quot;:&quot;px&quot;,&quot;size&quot;:&quot;&quot;,&quot;sizes&quot;:[]},&quot;_transform_translateX_effect_mobile&quot;:{&quot;unit&quot;:&quot;px&quot;,&quot;size&quot;:&quot;&quot;,&quot;sizes&quot;:[]},&quot;_transform_translateY_effect&quot;:{&quot;unit&quot;:&quot;px&quot;,&quot;size&quot;:&quot;&quot;,&quot;sizes&quot;:[]},&quot;_transform_translateY_effect_tablet&quot;:{&quot;unit&quot;:&quot;px&quot;,&quot;size&quot;:&quot;&quot;,&quot;sizes&quot;:[]},&quot;_transform_translateY_effect_mobile&quot;:{&quot;unit&quot;:&quot;px&quot;,&quot;size&quot;:&quot;&quot;,&quot;sizes&quot;:[]},&quot;_transform_scale_effect&quot;:{&quot;unit&quot;:&quot;px&quot;,&quot;size&quot;:&quot;&quot;,&quot;sizes&quot;:[]},&quot;_transform_scale_effect_tablet&quot;:{&quot;unit&quot;:&quot;px&quot;,&quot;size&quot;:&quot;&quot;,&quot;sizes&quot;:[]},&quot;_transform_scale_effect_mobile&quot;:{&quot;unit&quot;:&quot;px&quot;,&quot;size&quot;:&quot;&quot;,&quot;sizes&quot;:[]},&quot;_transform_skewX_effect&quot;:{&quot;unit&quot;:&quot;px&quot;,&quot;size&quot;:&quot;&quot;,&quot;sizes&quot;:[]},&quot;_transform_skewX_effect_tablet&quot;:{&quot;unit&quot;:&quot;deg&quot;,&quot;size&quot;:&quot;&quot;,&quot;sizes&quot;:[]},&quot;_transform_skewX_effect_mobile&quot;:{&quot;unit&quot;:&quot;deg&quot;,&quot;size&quot;:&quot;&quot;,&quot;sizes&quot;:[]},&quot;_transform_skewY_effect&quot;:{&quot;unit&quot;:&quot;px&quot;,&quot;size&quot;:&quot;&quot;,&quot;sizes&quot;:[]},&quot;_transform_skewY_effect_tablet&quot;:{&quot;unit&quot;:&quot;deg&quot;,&quot;size&quot;:&quot;&quot;,&quot;sizes&quot;:[]},&quot;_transform_skewY_effect_mobile&quot;:{&quot;unit&quot;:&quot;deg&quot;,&quot;size&quot;:&quot;&quot;,&quot;sizes&quot;:[]}}\" data-widget_type=\"heading.default\">\n\t\t\t\t<div class=\"elementor-widget-container\">\n\t\t\t\t\t<h1 class=\"elementor-heading-title elementor-size-xxl\">T'ESPEREM<br>PER AQU\u00cd<\/h1>\t\t\t\t<\/div>\n\t\t\t\t<\/div>\n\t\t\t\t<div class=\"elementor-element elementor-element-3c70878 elementor-widget-divider--view-line elementor-widget elementor-widget-divider\" data-id=\"3c70878\" data-element_type=\"widget\" data-e-type=\"widget\" data-widget_type=\"divider.default\">\n\t\t\t\t<div class=\"elementor-widget-container\">\n\t\t\t\t\t\t\t<div class=\"elementor-divider\">\n\t\t\t<span class=\"elementor-divider-separator\">\n\t\t\t\t\t\t<\/span>\n\t\t<\/div>\n\t\t\t\t\t\t<\/div>\n\t\t\t\t<\/div>\n\t\t\t\t<\/div>\n\t\t\t\t<\/div>\n\t\t<div class=\"elementor-element elementor-element-2bf3e0a e-flex e-con-boxed e-con e-parent\" data-id=\"2bf3e0a\" data-element_type=\"container\" data-e-type=\"container\">\n\t\t\t\t\t<div class=\"e-con-inner\">\n\t\t\t\t\t<\/div>\n\t\t\t\t<\/div>\n\t\t\t\t<\/div>\n\t\t","protected":false},"excerpt":{"rendered":"<p>En el marc del projecte municipal Infants Ciutadans, la Fundaci\u00f3 Patas Arriba ha desenvolupat un ambici\u00f3s programa educatiu en col\u00b7laboraci\u00f3 amb el Ajuntament de Reus.<\/p>\n","protected":false},"author":4,"featured_media":6035,"comment_status":"open","ping_status":"open","sticky":false,"template":"elementor_header_footer","format":"standard","meta":{"footnotes":""},"categories":[35,23],"tags":[38,39,37,36],"class_list":["post-6032","post","type-post","status-publish","format-standard","has-post-thumbnail","hentry","category-escoles","category-sense-categoritzar","tag-benestar-animal","tag-eso-ca","tag-situacio-aprenentatge","tag-tallers"],"yoast_head":"<!-- This site is optimized with the Yoast SEO plugin v27.4 - https:\/\/yoast.com\/product\/yoast-seo-wordpress\/ -->\n<title>M\u00e9s de 1.000 estudiants reben educaci\u00f3 en benestar animal a Reus en el primer trimestre de l&#039;any<\/title>\n<meta name=\"description\" content=\"La Fundaci\u00f3 Patas Arriba ha desenvolupat un ambici\u00f3s programa educatiu de benestar animal en col\u00b7laboraci\u00f3 amb el Ajuntament de Reus\" \/>\n<meta name=\"robots\" content=\"index, follow, max-snippet:-1, max-image-preview:large, max-video-preview:-1\" \/>\n<link rel=\"canonical\" href=\"https:\/\/www.fundacionpatasarriba.com\/ca\/cooperatives-solidaries-en-educacio-primaria-4\/\" \/>\n<meta property=\"og:locale\" content=\"ca_ES\" \/>\n<meta property=\"og:type\" content=\"article\" \/>\n<meta property=\"og:title\" content=\"M\u00e9s de 1.000 estudiants reben educaci\u00f3 en benestar animal a Reus en el primer trimestre de l&#039;any\" \/>\n<meta property=\"og:description\" content=\"La Fundaci\u00f3 Patas Arriba ha desenvolupat un ambici\u00f3s programa educatiu de benestar animal en col\u00b7laboraci\u00f3 amb el Ajuntament de Reus\" \/>\n<meta property=\"og:url\" content=\"https:\/\/www.fundacionpatasarriba.com\/ca\/cooperatives-solidaries-en-educacio-primaria-4\/\" \/>\n<meta property=\"og:site_name\" content=\"Fundaci\u00f3n Patas Arriba\" \/>\n<meta property=\"article:published_time\" content=\"2026-03-03T12:38:40+00:00\" \/>\n<meta property=\"article:modified_time\" content=\"2026-03-04T12:00:41+00:00\" \/>\n<meta property=\"og:image\" content=\"https:\/\/www.fundacionpatasarriba.com\/wp-content\/uploads\/2026\/03\/Untitled-design-8-1024x644.png\" \/>\n\t<meta property=\"og:image:width\" content=\"1024\" \/>\n\t<meta property=\"og:image:height\" content=\"644\" \/>\n\t<meta property=\"og:image:type\" content=\"image\/png\" \/>\n<meta name=\"author\" content=\"Alba Fundaci\u00f3n Patas Arriba\" \/>\n<meta name=\"twitter:card\" content=\"summary_large_image\" \/>\n<meta name=\"twitter:label1\" content=\"Escrit per\" \/>\n\t<meta name=\"twitter:data1\" content=\"Alba Fundaci\u00f3n Patas Arriba\" \/>\n\t<meta name=\"twitter:label2\" content=\"Temps estimat de lectura\" \/>\n\t<meta name=\"twitter:data2\" content=\"7 minuts\" \/>\n<script type=\"application\/ld+json\" class=\"yoast-schema-graph\">{\"@context\":\"https:\\\/\\\/schema.org\",\"@graph\":[{\"@type\":\"Article\",\"@id\":\"https:\\\/\\\/www.fundacionpatasarriba.com\\\/ca\\\/cooperatives-solidaries-en-educacio-primaria-4\\\/#article\",\"isPartOf\":{\"@id\":\"https:\\\/\\\/www.fundacionpatasarriba.com\\\/ca\\\/cooperatives-solidaries-en-educacio-primaria-4\\\/\"},\"author\":{\"name\":\"Alba Fundaci\u00f3n Patas Arriba\",\"@id\":\"https:\\\/\\\/www.fundacionpatasarriba.com\\\/ca\\\/#\\\/schema\\\/person\\\/a1d8029b60ead7ad1cd6199f1c806ef0\"},\"headline\":\"M\u00e9s de 1.000 estudiants reben educaci\u00f3 en benestar animal a Reus en el primer trimestre de l&#8217;any\",\"datePublished\":\"2026-03-03T12:38:40+00:00\",\"dateModified\":\"2026-03-04T12:00:41+00:00\",\"mainEntityOfPage\":{\"@id\":\"https:\\\/\\\/www.fundacionpatasarriba.com\\\/ca\\\/cooperatives-solidaries-en-educacio-primaria-4\\\/\"},\"wordCount\":1382,\"commentCount\":0,\"publisher\":{\"@id\":\"https:\\\/\\\/www.fundacionpatasarriba.com\\\/ca\\\/#organization\"},\"image\":{\"@id\":\"https:\\\/\\\/www.fundacionpatasarriba.com\\\/ca\\\/cooperatives-solidaries-en-educacio-primaria-4\\\/#primaryimage\"},\"thumbnailUrl\":\"https:\\\/\\\/www.fundacionpatasarriba.com\\\/wp-content\\\/uploads\\\/2026\\\/03\\\/Untitled-design-8.png\",\"keywords\":[\"Benestar animal\",\"ESO\",\"Situaci\u00f3 aprenentatge\",\"Tallers\"],\"articleSection\":[\"Escoles\",\"Sense categoritzar\"],\"inLanguage\":\"ca\",\"potentialAction\":[{\"@type\":\"CommentAction\",\"name\":\"Comment\",\"target\":[\"https:\\\/\\\/www.fundacionpatasarriba.com\\\/ca\\\/cooperatives-solidaries-en-educacio-primaria-4\\\/#respond\"]}]},{\"@type\":\"WebPage\",\"@id\":\"https:\\\/\\\/www.fundacionpatasarriba.com\\\/ca\\\/cooperatives-solidaries-en-educacio-primaria-4\\\/\",\"url\":\"https:\\\/\\\/www.fundacionpatasarriba.com\\\/ca\\\/cooperatives-solidaries-en-educacio-primaria-4\\\/\",\"name\":\"M\u00e9s de 1.000 estudiants reben educaci\u00f3 en benestar animal a Reus en el primer trimestre de l'any\",\"isPartOf\":{\"@id\":\"https:\\\/\\\/www.fundacionpatasarriba.com\\\/ca\\\/#website\"},\"primaryImageOfPage\":{\"@id\":\"https:\\\/\\\/www.fundacionpatasarriba.com\\\/ca\\\/cooperatives-solidaries-en-educacio-primaria-4\\\/#primaryimage\"},\"image\":{\"@id\":\"https:\\\/\\\/www.fundacionpatasarriba.com\\\/ca\\\/cooperatives-solidaries-en-educacio-primaria-4\\\/#primaryimage\"},\"thumbnailUrl\":\"https:\\\/\\\/www.fundacionpatasarriba.com\\\/wp-content\\\/uploads\\\/2026\\\/03\\\/Untitled-design-8.png\",\"datePublished\":\"2026-03-03T12:38:40+00:00\",\"dateModified\":\"2026-03-04T12:00:41+00:00\",\"description\":\"La Fundaci\u00f3 Patas Arriba ha desenvolupat un ambici\u00f3s programa educatiu de benestar animal en col\u00b7laboraci\u00f3 amb el Ajuntament de Reus\",\"breadcrumb\":{\"@id\":\"https:\\\/\\\/www.fundacionpatasarriba.com\\\/ca\\\/cooperatives-solidaries-en-educacio-primaria-4\\\/#breadcrumb\"},\"inLanguage\":\"ca\",\"potentialAction\":[{\"@type\":\"ReadAction\",\"target\":[\"https:\\\/\\\/www.fundacionpatasarriba.com\\\/ca\\\/cooperatives-solidaries-en-educacio-primaria-4\\\/\"]}]},{\"@type\":\"ImageObject\",\"inLanguage\":\"ca\",\"@id\":\"https:\\\/\\\/www.fundacionpatasarriba.com\\\/ca\\\/cooperatives-solidaries-en-educacio-primaria-4\\\/#primaryimage\",\"url\":\"https:\\\/\\\/www.fundacionpatasarriba.com\\\/wp-content\\\/uploads\\\/2026\\\/03\\\/Untitled-design-8.png\",\"contentUrl\":\"https:\\\/\\\/www.fundacionpatasarriba.com\\\/wp-content\\\/uploads\\\/2026\\\/03\\\/Untitled-design-8.png\",\"width\":1781,\"height\":1120},{\"@type\":\"BreadcrumbList\",\"@id\":\"https:\\\/\\\/www.fundacionpatasarriba.com\\\/ca\\\/cooperatives-solidaries-en-educacio-primaria-4\\\/#breadcrumb\",\"itemListElement\":[{\"@type\":\"ListItem\",\"position\":1,\"name\":\"Home\",\"item\":\"https:\\\/\\\/www.fundacionpatasarriba.com\\\/ca\\\/\"},{\"@type\":\"ListItem\",\"position\":2,\"name\":\"M\u00e9s de 1.000 estudiants reben educaci\u00f3 en benestar animal a Reus en el primer trimestre de l&#8217;any\"}]},{\"@type\":\"WebSite\",\"@id\":\"https:\\\/\\\/www.fundacionpatasarriba.com\\\/ca\\\/#website\",\"url\":\"https:\\\/\\\/www.fundacionpatasarriba.com\\\/ca\\\/\",\"name\":\"Fundaci\u00f3n Patas Arriba\",\"description\":\"Por un v\u00ednculo sano entre personas y animales de compa\u00f1\u00eda\",\"publisher\":{\"@id\":\"https:\\\/\\\/www.fundacionpatasarriba.com\\\/ca\\\/#organization\"},\"potentialAction\":[{\"@type\":\"SearchAction\",\"target\":{\"@type\":\"EntryPoint\",\"urlTemplate\":\"https:\\\/\\\/www.fundacionpatasarriba.com\\\/ca\\\/?s={search_term_string}\"},\"query-input\":{\"@type\":\"PropertyValueSpecification\",\"valueRequired\":true,\"valueName\":\"search_term_string\"}}],\"inLanguage\":\"ca\"},{\"@type\":\"Organization\",\"@id\":\"https:\\\/\\\/www.fundacionpatasarriba.com\\\/ca\\\/#organization\",\"name\":\"Fundaci\u00f3n Patas Arriba\",\"url\":\"https:\\\/\\\/www.fundacionpatasarriba.com\\\/ca\\\/\",\"logo\":{\"@type\":\"ImageObject\",\"inLanguage\":\"ca\",\"@id\":\"https:\\\/\\\/www.fundacionpatasarriba.com\\\/ca\\\/#\\\/schema\\\/logo\\\/image\\\/\",\"url\":\"https:\\\/\\\/www.fundacionpatasarriba.com\\\/wp-content\\\/uploads\\\/2023\\\/10\\\/LOGO-HEADER.svg\",\"contentUrl\":\"https:\\\/\\\/www.fundacionpatasarriba.com\\\/wp-content\\\/uploads\\\/2023\\\/10\\\/LOGO-HEADER.svg\",\"width\":229,\"height\":50,\"caption\":\"Fundaci\u00f3n Patas Arriba\"},\"image\":{\"@id\":\"https:\\\/\\\/www.fundacionpatasarriba.com\\\/ca\\\/#\\\/schema\\\/logo\\\/image\\\/\"}},{\"@type\":\"Person\",\"@id\":\"https:\\\/\\\/www.fundacionpatasarriba.com\\\/ca\\\/#\\\/schema\\\/person\\\/a1d8029b60ead7ad1cd6199f1c806ef0\",\"name\":\"Alba Fundaci\u00f3n Patas Arriba\",\"image\":{\"@type\":\"ImageObject\",\"inLanguage\":\"ca\",\"@id\":\"https:\\\/\\\/secure.gravatar.com\\\/avatar\\\/00d9bb6c3ddf1467d26a0879b961c6aac5852812160a03c7a6d9687aca05e37a?s=96&d=mm&r=g\",\"url\":\"https:\\\/\\\/secure.gravatar.com\\\/avatar\\\/00d9bb6c3ddf1467d26a0879b961c6aac5852812160a03c7a6d9687aca05e37a?s=96&d=mm&r=g\",\"contentUrl\":\"https:\\\/\\\/secure.gravatar.com\\\/avatar\\\/00d9bb6c3ddf1467d26a0879b961c6aac5852812160a03c7a6d9687aca05e37a?s=96&d=mm&r=g\",\"caption\":\"Alba Fundaci\u00f3n Patas Arriba\"},\"url\":\"https:\\\/\\\/www.fundacionpatasarriba.com\\\/ca\\\/author\\\/albapatasarriba\\\/\"}]}<\/script>\n<!-- \/ Yoast SEO plugin. -->","yoast_head_json":{"title":"M\u00e9s de 1.000 estudiants reben educaci\u00f3 en benestar animal a Reus en el primer trimestre de l'any","description":"La Fundaci\u00f3 Patas Arriba ha desenvolupat un ambici\u00f3s programa educatiu de benestar animal en col\u00b7laboraci\u00f3 amb el Ajuntament de Reus","robots":{"index":"index","follow":"follow","max-snippet":"max-snippet:-1","max-image-preview":"max-image-preview:large","max-video-preview":"max-video-preview:-1"},"canonical":"https:\/\/www.fundacionpatasarriba.com\/ca\/cooperatives-solidaries-en-educacio-primaria-4\/","og_locale":"ca_ES","og_type":"article","og_title":"M\u00e9s de 1.000 estudiants reben educaci\u00f3 en benestar animal a Reus en el primer trimestre de l'any","og_description":"La Fundaci\u00f3 Patas Arriba ha desenvolupat un ambici\u00f3s programa educatiu de benestar animal en col\u00b7laboraci\u00f3 amb el Ajuntament de Reus","og_url":"https:\/\/www.fundacionpatasarriba.com\/ca\/cooperatives-solidaries-en-educacio-primaria-4\/","og_site_name":"Fundaci\u00f3n Patas Arriba","article_published_time":"2026-03-03T12:38:40+00:00","article_modified_time":"2026-03-04T12:00:41+00:00","og_image":[{"width":1024,"height":644,"url":"https:\/\/www.fundacionpatasarriba.com\/wp-content\/uploads\/2026\/03\/Untitled-design-8-1024x644.png","type":"image\/png"}],"author":"Alba Fundaci\u00f3n Patas Arriba","twitter_card":"summary_large_image","twitter_misc":{"Escrit per":"Alba Fundaci\u00f3n Patas Arriba","Temps estimat de lectura":"7 minuts"},"schema":{"@context":"https:\/\/schema.org","@graph":[{"@type":"Article","@id":"https:\/\/www.fundacionpatasarriba.com\/ca\/cooperatives-solidaries-en-educacio-primaria-4\/#article","isPartOf":{"@id":"https:\/\/www.fundacionpatasarriba.com\/ca\/cooperatives-solidaries-en-educacio-primaria-4\/"},"author":{"name":"Alba Fundaci\u00f3n Patas Arriba","@id":"https:\/\/www.fundacionpatasarriba.com\/ca\/#\/schema\/person\/a1d8029b60ead7ad1cd6199f1c806ef0"},"headline":"M\u00e9s de 1.000 estudiants reben educaci\u00f3 en benestar animal a Reus en el primer trimestre de l&#8217;any","datePublished":"2026-03-03T12:38:40+00:00","dateModified":"2026-03-04T12:00:41+00:00","mainEntityOfPage":{"@id":"https:\/\/www.fundacionpatasarriba.com\/ca\/cooperatives-solidaries-en-educacio-primaria-4\/"},"wordCount":1382,"commentCount":0,"publisher":{"@id":"https:\/\/www.fundacionpatasarriba.com\/ca\/#organization"},"image":{"@id":"https:\/\/www.fundacionpatasarriba.com\/ca\/cooperatives-solidaries-en-educacio-primaria-4\/#primaryimage"},"thumbnailUrl":"https:\/\/www.fundacionpatasarriba.com\/wp-content\/uploads\/2026\/03\/Untitled-design-8.png","keywords":["Benestar animal","ESO","Situaci\u00f3 aprenentatge","Tallers"],"articleSection":["Escoles","Sense categoritzar"],"inLanguage":"ca","potentialAction":[{"@type":"CommentAction","name":"Comment","target":["https:\/\/www.fundacionpatasarriba.com\/ca\/cooperatives-solidaries-en-educacio-primaria-4\/#respond"]}]},{"@type":"WebPage","@id":"https:\/\/www.fundacionpatasarriba.com\/ca\/cooperatives-solidaries-en-educacio-primaria-4\/","url":"https:\/\/www.fundacionpatasarriba.com\/ca\/cooperatives-solidaries-en-educacio-primaria-4\/","name":"M\u00e9s de 1.000 estudiants reben educaci\u00f3 en benestar animal a Reus en el primer trimestre de l'any","isPartOf":{"@id":"https:\/\/www.fundacionpatasarriba.com\/ca\/#website"},"primaryImageOfPage":{"@id":"https:\/\/www.fundacionpatasarriba.com\/ca\/cooperatives-solidaries-en-educacio-primaria-4\/#primaryimage"},"image":{"@id":"https:\/\/www.fundacionpatasarriba.com\/ca\/cooperatives-solidaries-en-educacio-primaria-4\/#primaryimage"},"thumbnailUrl":"https:\/\/www.fundacionpatasarriba.com\/wp-content\/uploads\/2026\/03\/Untitled-design-8.png","datePublished":"2026-03-03T12:38:40+00:00","dateModified":"2026-03-04T12:00:41+00:00","description":"La Fundaci\u00f3 Patas Arriba ha desenvolupat un ambici\u00f3s programa educatiu de benestar animal en col\u00b7laboraci\u00f3 amb el Ajuntament de Reus","breadcrumb":{"@id":"https:\/\/www.fundacionpatasarriba.com\/ca\/cooperatives-solidaries-en-educacio-primaria-4\/#breadcrumb"},"inLanguage":"ca","potentialAction":[{"@type":"ReadAction","target":["https:\/\/www.fundacionpatasarriba.com\/ca\/cooperatives-solidaries-en-educacio-primaria-4\/"]}]},{"@type":"ImageObject","inLanguage":"ca","@id":"https:\/\/www.fundacionpatasarriba.com\/ca\/cooperatives-solidaries-en-educacio-primaria-4\/#primaryimage","url":"https:\/\/www.fundacionpatasarriba.com\/wp-content\/uploads\/2026\/03\/Untitled-design-8.png","contentUrl":"https:\/\/www.fundacionpatasarriba.com\/wp-content\/uploads\/2026\/03\/Untitled-design-8.png","width":1781,"height":1120},{"@type":"BreadcrumbList","@id":"https:\/\/www.fundacionpatasarriba.com\/ca\/cooperatives-solidaries-en-educacio-primaria-4\/#breadcrumb","itemListElement":[{"@type":"ListItem","position":1,"name":"Home","item":"https:\/\/www.fundacionpatasarriba.com\/ca\/"},{"@type":"ListItem","position":2,"name":"M\u00e9s de 1.000 estudiants reben educaci\u00f3 en benestar animal a Reus en el primer trimestre de l&#8217;any"}]},{"@type":"WebSite","@id":"https:\/\/www.fundacionpatasarriba.com\/ca\/#website","url":"https:\/\/www.fundacionpatasarriba.com\/ca\/","name":"Fundaci\u00f3n Patas Arriba","description":"Por un v\u00ednculo sano entre personas y animales de compa\u00f1\u00eda","publisher":{"@id":"https:\/\/www.fundacionpatasarriba.com\/ca\/#organization"},"potentialAction":[{"@type":"SearchAction","target":{"@type":"EntryPoint","urlTemplate":"https:\/\/www.fundacionpatasarriba.com\/ca\/?s={search_term_string}"},"query-input":{"@type":"PropertyValueSpecification","valueRequired":true,"valueName":"search_term_string"}}],"inLanguage":"ca"},{"@type":"Organization","@id":"https:\/\/www.fundacionpatasarriba.com\/ca\/#organization","name":"Fundaci\u00f3n Patas Arriba","url":"https:\/\/www.fundacionpatasarriba.com\/ca\/","logo":{"@type":"ImageObject","inLanguage":"ca","@id":"https:\/\/www.fundacionpatasarriba.com\/ca\/#\/schema\/logo\/image\/","url":"https:\/\/www.fundacionpatasarriba.com\/wp-content\/uploads\/2023\/10\/LOGO-HEADER.svg","contentUrl":"https:\/\/www.fundacionpatasarriba.com\/wp-content\/uploads\/2023\/10\/LOGO-HEADER.svg","width":229,"height":50,"caption":"Fundaci\u00f3n Patas Arriba"},"image":{"@id":"https:\/\/www.fundacionpatasarriba.com\/ca\/#\/schema\/logo\/image\/"}},{"@type":"Person","@id":"https:\/\/www.fundacionpatasarriba.com\/ca\/#\/schema\/person\/a1d8029b60ead7ad1cd6199f1c806ef0","name":"Alba Fundaci\u00f3n Patas Arriba","image":{"@type":"ImageObject","inLanguage":"ca","@id":"https:\/\/secure.gravatar.com\/avatar\/00d9bb6c3ddf1467d26a0879b961c6aac5852812160a03c7a6d9687aca05e37a?s=96&d=mm&r=g","url":"https:\/\/secure.gravatar.com\/avatar\/00d9bb6c3ddf1467d26a0879b961c6aac5852812160a03c7a6d9687aca05e37a?s=96&d=mm&r=g","contentUrl":"https:\/\/secure.gravatar.com\/avatar\/00d9bb6c3ddf1467d26a0879b961c6aac5852812160a03c7a6d9687aca05e37a?s=96&d=mm&r=g","caption":"Alba Fundaci\u00f3n Patas Arriba"},"url":"https:\/\/www.fundacionpatasarriba.com\/ca\/author\/albapatasarriba\/"}]}},"_links":{"self":[{"href":"https:\/\/www.fundacionpatasarriba.com\/ca\/wp-json\/wp\/v2\/posts\/6032","targetHints":{"allow":["GET"]}}],"collection":[{"href":"https:\/\/www.fundacionpatasarriba.com\/ca\/wp-json\/wp\/v2\/posts"}],"about":[{"href":"https:\/\/www.fundacionpatasarriba.com\/ca\/wp-json\/wp\/v2\/types\/post"}],"author":[{"embeddable":true,"href":"https:\/\/www.fundacionpatasarriba.com\/ca\/wp-json\/wp\/v2\/users\/4"}],"replies":[{"embeddable":true,"href":"https:\/\/www.fundacionpatasarriba.com\/ca\/wp-json\/wp\/v2\/comments?post=6032"}],"version-history":[{"count":5,"href":"https:\/\/www.fundacionpatasarriba.com\/ca\/wp-json\/wp\/v2\/posts\/6032\/revisions"}],"predecessor-version":[{"id":6066,"href":"https:\/\/www.fundacionpatasarriba.com\/ca\/wp-json\/wp\/v2\/posts\/6032\/revisions\/6066"}],"wp:featuredmedia":[{"embeddable":true,"href":"https:\/\/www.fundacionpatasarriba.com\/ca\/wp-json\/wp\/v2\/media\/6035"}],"wp:attachment":[{"href":"https:\/\/www.fundacionpatasarriba.com\/ca\/wp-json\/wp\/v2\/media?parent=6032"}],"wp:term":[{"taxonomy":"category","embeddable":true,"href":"https:\/\/www.fundacionpatasarriba.com\/ca\/wp-json\/wp\/v2\/categories?post=6032"},{"taxonomy":"post_tag","embeddable":true,"href":"https:\/\/www.fundacionpatasarriba.com\/ca\/wp-json\/wp\/v2\/tags?post=6032"}],"curies":[{"name":"wp","href":"https:\/\/api.w.org\/{rel}","templated":true}]}}